{"id":7093,"date":"2023-01-21T21:42:26","date_gmt":"2023-01-22T02:42:26","guid":{"rendered":"https:\/\/www.radiosanctispiritus.cu\/es\/?p=7093"},"modified":"2023-01-21T21:42:26","modified_gmt":"2023-01-22T02:42:26","slug":"visitara-cuba-cardenal-beniamino-stella-enviado-del-papa-francisco","status":"publish","type":"post","link":"https:\/\/www.radiosanctispiritus.cu\/es\/visitara-cuba-cardenal-beniamino-stella-enviado-del-papa-francisco\/","title":{"rendered":"Visitar\u00e1 Cuba cardenal Beniamino Stella, enviado del papa Francisco"},"content":{"rendered":"<p>El cardenal Beniamino Stella realizar\u00e1 una visita a Cuba a partir del pr\u00f3ximo 23 de enero, como enviado del papa Francisco, inform\u00f3 este s\u00e1bado el Ministerio cubano de Relaciones Exteriores.<\/p>\n<p>La visita del enviado del Sumo Pont\u00edfice de la Iglesia cat\u00f3lica se enmarca en el aniversario 25 del viaje apost\u00f3lico de San Juan Pablo II a la Rep\u00fablica de Cuba.<\/p>\n<p>De acuerdo con el texto, publicado en Cubaminrex, durante su estancia, el distinguido visitante sostendr\u00e1 conversaciones con autoridades cubanas y realizar\u00e1 otras actividades pastorales.<\/p>\n<p>El Presidente cubano, Miguel D\u00edaz-Canel, record\u00f3 hoy en Twitter que este 21 de enero se cumplen 25 a\u00f1os del inicio de la visita pastoral a Cuba del papa Juan Pablo II.<\/p>\n<p>D\u00edaz-Canel calific\u00f3 de hist\u00f3rica la visita, de cinco d\u00edas, en la que Karol J\u00f3zef Wojty\u0142a\u200b (Juan Pablo II) ofici\u00f3 misas abiertas en varias provincias del pa\u00eds.<\/p>\n<p>El jefe de Estado indic\u00f3 que posteriormente sus sucesores, Benedicto XVI y Francisco, tambi\u00e9n visitaron la mayor de las Antillas.<\/p>\n<p>Juan Pablo II, canonizado en 2014, fue el primer Papa en visitar Cuba, del 21 al 25 de enero de 1998, tras una invitaci\u00f3n extendida por Fidel Castro Ruz, l\u00edder hist\u00f3rico de la Revoluci\u00f3n cubana, en 1996 durante una visita al Vaticano.<\/p>\n","protected":false},"excerpt":{"rendered":"<p>El cardenal Beniamino Stella realizar\u00e1 una visita a Cuba a partir del pr\u00f3ximo 23 de enero, como enviado del papa Francisco.<\/p>\n","protected":false},"author":123,"featured_media":7094,"comment_status":"open","ping_status":"open","sticky":false,"template":"","format":"standard","meta":{"_acf_changed":false,"footnotes":""},"categories":[3,8],"tags":[629,608,176],"coauthors":[],"class_list":["post-7093","post","type-post","status-publish","format-standard","has-post-thumbnail","hentry","category-cuba","category-noticia","tag-cuba-religion","tag-cuba-vaticano","tag-papa-francisco"],"acf":[],"_links":{"self":[{"href":"https:\/\/www.radiosanctispiritus.cu\/es\/wp-json\/wp\/v2\/posts\/7093","targetHints":{"allow":["GET"]}}],"collection":[{"href":"https:\/\/www.radiosanctispiritus.cu\/es\/wp-json\/wp\/v2\/posts"}],"about":[{"href":"https:\/\/www.radiosanctispiritus.cu\/es\/wp-json\/wp\/v2\/types\/post"}],"author":[{"embeddable":true,"href":"https:\/\/www.radiosanctispiritus.cu\/es\/wp-json\/wp\/v2\/users\/123"}],"replies":[{"embeddable":true,"href":"https:\/\/www.radiosanctispiritus.cu\/es\/wp-json\/wp\/v2\/comments?post=7093"}],"version-history":[{"count":0,"href":"https:\/\/www.radiosanctispiritus.cu\/es\/wp-json\/wp\/v2\/posts\/7093\/revisions"}],"wp:featuredmedia":[{"embeddable":true,"href":"https:\/\/www.radiosanctispiritus.cu\/es\/wp-json\/wp\/v2\/media\/7094"}],"wp:attachment":[{"href":"https:\/\/www.radiosanctispiritus.cu\/es\/wp-json\/wp\/v2\/media?parent=7093"}],"wp:term":[{"taxonomy":"category","embeddable":true,"href":"https:\/\/www.radiosanctispiritus.cu\/es\/wp-json\/wp\/v2\/categories?post=7093"},{"taxonomy":"post_tag","embeddable":true,"href":"https:\/\/www.radiosanctispiritus.cu\/es\/wp-json\/wp\/v2\/tags?post=7093"},{"taxonomy":"author","embeddable":true,"href":"https:\/\/www.radiosanctispiritus.cu\/es\/wp-json\/wp\/v2\/coauthors?post=7093"}],"curies":[{"name":"wp","href":"https:\/\/api.w.org\/{rel}","templated":true}]}}