{"id":69297,"date":"2026-05-07T14:42:11","date_gmt":"2026-05-07T18:42:11","guid":{"rendered":"https:\/\/www.radiosanctispiritus.cu\/es\/?p=69297"},"modified":"2026-05-07T14:42:11","modified_gmt":"2026-05-07T18:42:11","slug":"feria-de-empleo-regresa-a-sancti-spiritus-con-nuevas-ofertas-laborales","status":"publish","type":"post","link":"https:\/\/www.radiosanctispiritus.cu\/es\/feria-de-empleo-regresa-a-sancti-spiritus-con-nuevas-ofertas-laborales\/","title":{"rendered":"Feria de empleo regresa a Sancti Sp\u00edritus con nuevas ofertas laborales"},"content":{"rendered":"<div class=\"ds-message _63c77b1\">\n<div class=\"ds-markdown ds-assistant-message-main-content\">\n<p class=\"ds-markdown-paragraph\">La Direcci\u00f3n de Trabajo y Seguridad Social con sede en Sancti Sp\u00edritus afina los preparativos para una nueva edici\u00f3n de la Feria Nacional de Empleo, que tendr\u00e1 lugar el viernes 8 de mayo. As\u00ed lo precis\u00f3 Orelvis Chaviano Candelario, jefe del Departamento de Empleo en la entidad provincial.<\/p>\n<p class=\"ds-markdown-paragraph\">La segunda de la Feria Nacional de Empleo convoca a todas las entidades y a todas las personas interesadas a no perder la oportunidad de participar en este evento, cuyo objetivo es vincular a los trabajadores con las ofertas laborales disponibles en el territorio.<\/p>\n<p><iframe src=\"https:\/\/www.ivoox.com\/player_ej_173269473_6_1.html?c1=7a0d0b\" width=\"100%\" height=\"200\" frameborder=\"0\" scrolling=\"no\" allowfullscreen=\"allowfullscreen\"><\/iframe><\/p>\n<\/div>\n<\/div>\n","protected":false},"excerpt":{"rendered":"<p>La Direcci\u00f3n de Trabajo y Seguridad Social con sede en Sancti Sp\u00edritus afina los preparativos para una nueva edici\u00f3n de la Feria Nacional de Empleo, que tendr\u00e1 lugar el viernes 8 de mayo.<\/p>\n","protected":false},"author":173,"featured_media":69298,"comment_status":"open","ping_status":"open","sticky":false,"template":"","format":"standard","meta":{"_acf_changed":false,"footnotes":""},"categories":[8,9,1],"tags":[],"coauthors":[1865],"class_list":["post-69297","post","type-post","status-publish","format-standard","has-post-thumbnail","hentry","category-noticia","category-en-audio","category-sancti-spiritus"],"acf":[],"_links":{"self":[{"href":"https:\/\/www.radiosanctispiritus.cu\/es\/wp-json\/wp\/v2\/posts\/69297","targetHints":{"allow":["GET"]}}],"collection":[{"href":"https:\/\/www.radiosanctispiritus.cu\/es\/wp-json\/wp\/v2\/posts"}],"about":[{"href":"https:\/\/www.radiosanctispiritus.cu\/es\/wp-json\/wp\/v2\/types\/post"}],"author":[{"embeddable":true,"href":"https:\/\/www.radiosanctispiritus.cu\/es\/wp-json\/wp\/v2\/users\/173"}],"replies":[{"embeddable":true,"href":"https:\/\/www.radiosanctispiritus.cu\/es\/wp-json\/wp\/v2\/comments?post=69297"}],"version-history":[{"count":1,"href":"https:\/\/www.radiosanctispiritus.cu\/es\/wp-json\/wp\/v2\/posts\/69297\/revisions"}],"predecessor-version":[{"id":69299,"href":"https:\/\/www.radiosanctispiritus.cu\/es\/wp-json\/wp\/v2\/posts\/69297\/revisions\/69299"}],"wp:featuredmedia":[{"embeddable":true,"href":"https:\/\/www.radiosanctispiritus.cu\/es\/wp-json\/wp\/v2\/media\/69298"}],"wp:attachment":[{"href":"https:\/\/www.radiosanctispiritus.cu\/es\/wp-json\/wp\/v2\/media?parent=69297"}],"wp:term":[{"taxonomy":"category","embeddable":true,"href":"https:\/\/www.radiosanctispiritus.cu\/es\/wp-json\/wp\/v2\/categories?post=69297"},{"taxonomy":"post_tag","embeddable":true,"href":"https:\/\/www.radiosanctispiritus.cu\/es\/wp-json\/wp\/v2\/tags?post=69297"},{"taxonomy":"author","embeddable":true,"href":"https:\/\/www.radiosanctispiritus.cu\/es\/wp-json\/wp\/v2\/coauthors?post=69297"}],"curies":[{"name":"wp","href":"https:\/\/api.w.org\/{rel}","templated":true}]}}