{"id":69281,"date":"2026-05-07T18:30:56","date_gmt":"2026-05-07T22:30:56","guid":{"rendered":"https:\/\/www.radiosanctispiritus.cu\/es\/?p=69281"},"modified":"2026-05-07T14:15:22","modified_gmt":"2026-05-07T18:15:22","slug":"pescadores-espirituanos-no-se-rinden-ante-continuos-desafios","status":"publish","type":"post","link":"https:\/\/www.radiosanctispiritus.cu\/es\/pescadores-espirituanos-no-se-rinden-ante-continuos-desafios\/","title":{"rendered":"Pescadores espirituanos no se rinden ante continuos desaf\u00edos"},"content":{"rendered":"<p>Los tiempos actuales no han sido f\u00e1ciles, pero con compromiso, superaci\u00f3n y empe\u00f1o se logran resultados. Tal es el caso de los trabajadores de la pesca que no se rinden ante continuos desaf\u00edos. Yoandy Rodr\u00edguez Panizo, director t\u00e9cnico productivo de la empresa pesquera espirituana Pescapir, precis\u00f3. Las capturas rondan por el 22% del plan de cierre del primer trimestre del a\u00f1o. Es una captura muy baja.<\/p>\n<p>Los primeros meses fueron un poco complejos por la inclemencia de los vientos que afectan la captura. Aunque la contingencia energ\u00e9tica golpea con todas sus fuerzas, la empresa implementa opciones viables y cumple con la entrega de la producci\u00f3n a la poblaci\u00f3n m\u00e1s necesitada.<br \/>\n\u201cHemos tomado alternativas de albergar los pescadores en la punta de los embalses para que no tengan que ser trasladados a pescar, pescan ah\u00ed mismo, entonces va el cami\u00f3n y recibe la captura de los pescadores.<br \/>\nEstamos trabajando de forma cooperada con algunas empresas estatales. No obstante, a trav\u00e9s de esta baja captura hemos tomado la estrategia de cumplir con las dietas m\u00e9dicas.<\/p>\n<p>De cumplir con la entrega de suministros tambi\u00e9n a hospitales, a c\u00edrculos infantiles, a hogares ancianos. De igual manera, el alimento proteico tambi\u00e9n tiene otros destinos. Nosotros garantizamos en la cabecera municipal un nivel de producto conformado para que la poblaci\u00f3n pueda acceder a \u00e9l. Hoy no cubrimos la demanda.<\/p>\n<p>Pero es notable nuestra presencia en la red de casillas de la empresa pesquera. Algo peculiar es la feria agropecuaria. Nosotros domingo por domingo aseguramos la feria agropecuaria. No ha faltado el pescado de mar en las pescader\u00edas de Sancti Sp\u00edritus. Eso es algo que el pueblo espirituano nos lo ped\u00eda\u201d.<\/p>\n<p>As\u00ed, con el ingenio y la dedicaci\u00f3n de los trabajadores pesqueros, se mantiene la presencia de tan codiciado producto nutritivo en las ventas a la poblaci\u00f3n.<br \/>\n<iframe src=\"https:\/\/www.ivoox.com\/player_ej_173270972_6_1.html?c1=7a0d0b\" width=\"100%\" height=\"200\" frameborder=\"0\" scrolling=\"no\" allowfullscreen=\"allowfullscreen\"><\/iframe><\/p>\n","protected":false},"excerpt":{"rendered":"<p>Los tiempos actuales no han sido f\u00e1ciles, pero con compromiso, superaci\u00f3n y empe\u00f1o se logran resultados. Tal es el caso de los trabajadores de la pesca que no se rinden ante continuos desaf\u00edos. Yoandy Rodr\u00edguez Panizo, director t\u00e9cnico productivo de la empresa pesquera espirituana Pescapir, precis\u00f3. Las capturas rondan por el 22% del plan de [&hellip;]<\/p>\n","protected":false},"author":194,"featured_media":21162,"comment_status":"open","ping_status":"open","sticky":false,"template":"","format":"standard","meta":{"_acf_changed":false,"footnotes":""},"categories":[9,1],"tags":[],"coauthors":[2035],"class_list":["post-69281","post","type-post","status-publish","format-standard","has-post-thumbnail","hentry","category-en-audio","category-sancti-spiritus"],"acf":[],"_links":{"self":[{"href":"https:\/\/www.radiosanctispiritus.cu\/es\/wp-json\/wp\/v2\/posts\/69281","targetHints":{"allow":["GET"]}}],"collection":[{"href":"https:\/\/www.radiosanctispiritus.cu\/es\/wp-json\/wp\/v2\/posts"}],"about":[{"href":"https:\/\/www.radiosanctispiritus.cu\/es\/wp-json\/wp\/v2\/types\/post"}],"author":[{"embeddable":true,"href":"https:\/\/www.radiosanctispiritus.cu\/es\/wp-json\/wp\/v2\/users\/194"}],"replies":[{"embeddable":true,"href":"https:\/\/www.radiosanctispiritus.cu\/es\/wp-json\/wp\/v2\/comments?post=69281"}],"version-history":[{"count":1,"href":"https:\/\/www.radiosanctispiritus.cu\/es\/wp-json\/wp\/v2\/posts\/69281\/revisions"}],"predecessor-version":[{"id":69286,"href":"https:\/\/www.radiosanctispiritus.cu\/es\/wp-json\/wp\/v2\/posts\/69281\/revisions\/69286"}],"wp:featuredmedia":[{"embeddable":true,"href":"https:\/\/www.radiosanctispiritus.cu\/es\/wp-json\/wp\/v2\/media\/21162"}],"wp:attachment":[{"href":"https:\/\/www.radiosanctispiritus.cu\/es\/wp-json\/wp\/v2\/media?parent=69281"}],"wp:term":[{"taxonomy":"category","embeddable":true,"href":"https:\/\/www.radiosanctispiritus.cu\/es\/wp-json\/wp\/v2\/categories?post=69281"},{"taxonomy":"post_tag","embeddable":true,"href":"https:\/\/www.radiosanctispiritus.cu\/es\/wp-json\/wp\/v2\/tags?post=69281"},{"taxonomy":"author","embeddable":true,"href":"https:\/\/www.radiosanctispiritus.cu\/es\/wp-json\/wp\/v2\/coauthors?post=69281"}],"curies":[{"name":"wp","href":"https:\/\/api.w.org\/{rel}","templated":true}]}}