{"id":69003,"date":"2026-05-03T07:20:12","date_gmt":"2026-05-03T11:20:12","guid":{"rendered":"https:\/\/www.radiosanctispiritus.cu\/es\/?p=69003"},"modified":"2026-05-02T23:06:11","modified_gmt":"2026-05-03T03:06:11","slug":"recuperan-parque-infantil-del-kilo-12-con-plan-de-la-calle-dedicado-a-fidel","status":"publish","type":"post","link":"https:\/\/www.radiosanctispiritus.cu\/es\/recuperan-parque-infantil-del-kilo-12-con-plan-de-la-calle-dedicado-a-fidel\/","title":{"rendered":"Recuperan parque infantil del Kilo 12 con plan de la calle dedicado a Fidel"},"content":{"rendered":"<p class=\"ds-markdown-paragraph\">La recuperaci\u00f3n del parque infantil del Consejo Popular Kilo 12, en la cabecera espirituana, fue el pretexto ideal para que los Comit\u00e9s de Defensa de la Revoluci\u00f3n (CDR), en conjunto con los factores de la comunidad, realizaran un plan de la calle como parte de las actividades por el centenario del l\u00edder hist\u00f3rico de la Revoluci\u00f3n, Fidel Castro Ruz.<\/p>\n<p class=\"ds-markdown-paragraph\">La coordinadora provincial de los CDR, Yurkenia Siriano Alonso, explic\u00f3 los motivos de la elecci\u00f3n: <em>\u201cHoy esto se est\u00e1 haciendo principalmente en este Consejo Popular porque este parque, donde se va a realizar la actividad, fue recuperado por el propio Consejo Popular Kilo 12 y por trabajadores civiles del Minint, con quienes tenemos v\u00ednculos de trabajo CDR-Minint. Como el parque est\u00e1 dentro del radio de acci\u00f3n del Kilo 12, ellos lo recuperaron, lo pintaron y realizaron acciones en el parque infantil; por eso escogimos este lugar para hacer este plan de la calle y el movimiento Mi Patria desde el Barrio\u201d.<\/em><\/p>\n<p><img decoding=\"async\" class=\"alignnone size-medium wp-image-69005\" src=\"https:\/\/www.radiosanctispiritus.cu\/es\/wp-content\/uploads\/WhatsApp-Image-2026-05-02-aiyj68uj87t-10.16.28-AM-600x450.jpeg\" alt=\"\" width=\"600\" height=\"450\" srcset=\"https:\/\/www.radiosanctispiritus.cu\/es\/wp-content\/uploads\/WhatsApp-Image-2026-05-02-aiyj68uj87t-10.16.28-AM-600x450.jpeg 600w, https:\/\/www.radiosanctispiritus.cu\/es\/wp-content\/uploads\/WhatsApp-Image-2026-05-02-aiyj68uj87t-10.16.28-AM-1024x768.jpeg 1024w, https:\/\/www.radiosanctispiritus.cu\/es\/wp-content\/uploads\/WhatsApp-Image-2026-05-02-aiyj68uj87t-10.16.28-AM-768x576.jpeg 768w, https:\/\/www.radiosanctispiritus.cu\/es\/wp-content\/uploads\/WhatsApp-Image-2026-05-02-aiyj68uj87t-10.16.28-AM.jpeg 1040w\" sizes=\"(max-width: 600px) 100vw, 600px\" \/><\/p>\n<p class=\"ds-markdown-paragraph\">Por su parte, el presidente del Consejo Popular, Alexis C\u00e1ceres Oca\u00f1a, precis\u00f3 detalles de la organizaci\u00f3n:\u00a0<em>\u201cTuvimos una idea en el Consejo Popular y la coordinamos con la compa\u00f1era de los CDR, la coordinadora provincial y municipal, para la recogida de materia prima, involucrando a las circunscripciones y a la zona de los cederistas, para el autofinanciamiento de la organizaci\u00f3n pol\u00edtica y de masas, que es muy importante en estos momentos\u201d.<\/em><\/p>\n<p><iframe src=\"https:\/\/www.ivoox.com\/player_ej_172976153_6_1.html?c1=7a0d0b\" width=\"100%\" height=\"200\" frameborder=\"0\" scrolling=\"no\" allowfullscreen=\"allowfullscreen\"><\/iframe><\/p>\n","protected":false},"excerpt":{"rendered":"<p>La recuperaci\u00f3n del parque infantil del Consejo Popular Kilo 12, en la cabecera espirituana, fue el pretexto ideal para que los Comit\u00e9s de Defensa de la Revoluci\u00f3n (CDR), en conjunto con los factores de la comunidad, realizaran un plan de la calle como parte de las actividades por el centenario del l\u00edder hist\u00f3rico de la [&hellip;]<\/p>\n","protected":false},"author":173,"featured_media":69004,"comment_status":"open","ping_status":"open","sticky":false,"template":"","format":"standard","meta":{"_acf_changed":false,"footnotes":""},"categories":[8,9,1],"tags":[324,2360,2361],"coauthors":[1865],"class_list":["post-69003","post","type-post","status-publish","format-standard","has-post-thumbnail","hentry","category-noticia","category-en-audio","category-sancti-spiritus","tag-cdr","tag-kilo-12","tag-parque-infantil"],"acf":[],"_links":{"self":[{"href":"https:\/\/www.radiosanctispiritus.cu\/es\/wp-json\/wp\/v2\/posts\/69003","targetHints":{"allow":["GET"]}}],"collection":[{"href":"https:\/\/www.radiosanctispiritus.cu\/es\/wp-json\/wp\/v2\/posts"}],"about":[{"href":"https:\/\/www.radiosanctispiritus.cu\/es\/wp-json\/wp\/v2\/types\/post"}],"author":[{"embeddable":true,"href":"https:\/\/www.radiosanctispiritus.cu\/es\/wp-json\/wp\/v2\/users\/173"}],"replies":[{"embeddable":true,"href":"https:\/\/www.radiosanctispiritus.cu\/es\/wp-json\/wp\/v2\/comments?post=69003"}],"version-history":[{"count":4,"href":"https:\/\/www.radiosanctispiritus.cu\/es\/wp-json\/wp\/v2\/posts\/69003\/revisions"}],"predecessor-version":[{"id":69009,"href":"https:\/\/www.radiosanctispiritus.cu\/es\/wp-json\/wp\/v2\/posts\/69003\/revisions\/69009"}],"wp:featuredmedia":[{"embeddable":true,"href":"https:\/\/www.radiosanctispiritus.cu\/es\/wp-json\/wp\/v2\/media\/69004"}],"wp:attachment":[{"href":"https:\/\/www.radiosanctispiritus.cu\/es\/wp-json\/wp\/v2\/media?parent=69003"}],"wp:term":[{"taxonomy":"category","embeddable":true,"href":"https:\/\/www.radiosanctispiritus.cu\/es\/wp-json\/wp\/v2\/categories?post=69003"},{"taxonomy":"post_tag","embeddable":true,"href":"https:\/\/www.radiosanctispiritus.cu\/es\/wp-json\/wp\/v2\/tags?post=69003"},{"taxonomy":"author","embeddable":true,"href":"https:\/\/www.radiosanctispiritus.cu\/es\/wp-json\/wp\/v2\/coauthors?post=69003"}],"curies":[{"name":"wp","href":"https:\/\/api.w.org\/{rel}","templated":true}]}}