{"id":68999,"date":"2026-05-03T06:00:13","date_gmt":"2026-05-03T10:00:13","guid":{"rendered":"https:\/\/www.radiosanctispiritus.cu\/es\/?p=68999"},"modified":"2026-05-02T22:46:15","modified_gmt":"2026-05-03T02:46:15","slug":"una-veintena-de-ponencias-evidencia-el-avance-del-trabajo-comunitario-integrado-en-la-cultura-fomentense","status":"publish","type":"post","link":"https:\/\/www.radiosanctispiritus.cu\/es\/una-veintena-de-ponencias-evidencia-el-avance-del-trabajo-comunitario-integrado-en-la-cultura-fomentense\/","title":{"rendered":"Una veintena de ponencias evidencia el avance del trabajo comunitario integrado en la cultura fomentense"},"content":{"rendered":"<p class=\"ds-markdown-paragraph\">En Fomento, los promotores culturales protagonizaron un fruct\u00edfero intercambio de experiencias durante un evento que tuvo como sede el Hotel Escambray y donde se present\u00f3 una veintena de ponencias sobre temas socioculturales.<\/p>\n<p class=\"ds-markdown-paragraph\">La calidad t\u00e9cnico-metodol\u00f3gica de los trabajos presentados evidencia cu\u00e1nto se avanza en el trabajo comunitario integrado en el territorio, sobre todo en los asentamientos poblacionales de Agabama, Los Indios de la Guan\u00e1bana, el Reparto del Rosario y el barrio Delicias, todos con una trayectoria cultural relevante.<\/p>\n<p class=\"ds-markdown-paragraph\">Durante el intercambio, los promotores culturales fomentenses mostraron logros en la formaci\u00f3n de proyectos art\u00edsticos comunitarios que integran a ni\u00f1os, j\u00f3venes, familias e instructores de arte.<\/p>\n<p class=\"ds-markdown-paragraph\">El PromoArte, Fiesta en el Barrio, la Colmenita Reto\u00f1os de la Guan\u00e1bana y otros proyectos vinculados a la formaci\u00f3n de valores, en estrecha interrelaci\u00f3n con el programa Educa a tu Hijo, figuraron entre los mejores ejemplos presentados en este certamen de socializaci\u00f3n de experiencias.<\/p>\n<p class=\"ds-markdown-paragraph\">Como reconocimiento a la promoci\u00f3n sociocultural de sus unidades art\u00edsticas y al v\u00ednculo permanente con los factores comunitarios \u2014muestra de sus herramientas para ejercer el liderazgo\u2014, en el evento se distingui\u00f3 a los promotores culturales Asnaydira Hern\u00e1ndez G\u00f3mez, Dania Garc\u00eda Rodr\u00edguez, Jorge Juan Lugones Morales, Narbelis D\u00edaz Hern\u00e1ndez y Berta Mar\u00eda Mu\u00f1oz Garc\u00eda.<\/p>\n","protected":false},"excerpt":{"rendered":"<p>En Fomento, los promotores culturales protagonizaron un fruct\u00edfero intercambio de experiencias durante un evento que tuvo como sede el Hotel Escambray y donde se present\u00f3 una veintena de ponencias sobre temas socioculturales. La calidad t\u00e9cnico-metodol\u00f3gica de los trabajos presentados evidencia cu\u00e1nto se avanza en el trabajo comunitario integrado en el territorio, sobre todo en los [&hellip;]<\/p>\n","protected":false},"author":185,"featured_media":69000,"comment_status":"open","ping_status":"open","sticky":false,"template":"","format":"standard","meta":{"_acf_changed":false,"footnotes":""},"categories":[8,6,9,1],"tags":[282,2359,1480],"coauthors":[1911],"class_list":["post-68999","post","type-post","status-publish","format-standard","has-post-thumbnail","hentry","category-noticia","category-cultura","category-en-audio","category-sancti-spiritus","tag-cultura","tag-promotores-culturales","tag-trabajo-comunitario"],"acf":[],"_links":{"self":[{"href":"https:\/\/www.radiosanctispiritus.cu\/es\/wp-json\/wp\/v2\/posts\/68999","targetHints":{"allow":["GET"]}}],"collection":[{"href":"https:\/\/www.radiosanctispiritus.cu\/es\/wp-json\/wp\/v2\/posts"}],"about":[{"href":"https:\/\/www.radiosanctispiritus.cu\/es\/wp-json\/wp\/v2\/types\/post"}],"author":[{"embeddable":true,"href":"https:\/\/www.radiosanctispiritus.cu\/es\/wp-json\/wp\/v2\/users\/185"}],"replies":[{"embeddable":true,"href":"https:\/\/www.radiosanctispiritus.cu\/es\/wp-json\/wp\/v2\/comments?post=68999"}],"version-history":[{"count":1,"href":"https:\/\/www.radiosanctispiritus.cu\/es\/wp-json\/wp\/v2\/posts\/68999\/revisions"}],"predecessor-version":[{"id":69001,"href":"https:\/\/www.radiosanctispiritus.cu\/es\/wp-json\/wp\/v2\/posts\/68999\/revisions\/69001"}],"wp:featuredmedia":[{"embeddable":true,"href":"https:\/\/www.radiosanctispiritus.cu\/es\/wp-json\/wp\/v2\/media\/69000"}],"wp:attachment":[{"href":"https:\/\/www.radiosanctispiritus.cu\/es\/wp-json\/wp\/v2\/media?parent=68999"}],"wp:term":[{"taxonomy":"category","embeddable":true,"href":"https:\/\/www.radiosanctispiritus.cu\/es\/wp-json\/wp\/v2\/categories?post=68999"},{"taxonomy":"post_tag","embeddable":true,"href":"https:\/\/www.radiosanctispiritus.cu\/es\/wp-json\/wp\/v2\/tags?post=68999"},{"taxonomy":"author","embeddable":true,"href":"https:\/\/www.radiosanctispiritus.cu\/es\/wp-json\/wp\/v2\/coauthors?post=68999"}],"curies":[{"name":"wp","href":"https:\/\/api.w.org\/{rel}","templated":true}]}}