{"id":68995,"date":"2026-05-03T05:00:51","date_gmt":"2026-05-03T09:00:51","guid":{"rendered":"https:\/\/www.radiosanctispiritus.cu\/es\/?p=68995"},"modified":"2026-05-02T22:21:35","modified_gmt":"2026-05-03T02:21:35","slug":"campismo-espirituano-mantiene-abiertas-sus-seis-instalaciones-a-pesar-de-las-limitaciones-de-transporte-y-electricidad","status":"publish","type":"post","link":"https:\/\/www.radiosanctispiritus.cu\/es\/campismo-espirituano-mantiene-abiertas-sus-seis-instalaciones-a-pesar-de-las-limitaciones-de-transporte-y-electricidad\/","title":{"rendered":"Campismo espirituano mantiene abiertas sus seis instalaciones a pesar de las limitaciones de transporte y electricidad"},"content":{"rendered":"<div class=\"ds-message _63c77b1\">\n<div class=\"ds-markdown\">\n<p class=\"ds-markdown-paragraph\">En medio de limitaciones de todo tipo \u2014fundamentalmente de insumos, transportaci\u00f3n y del servicio electroenerg\u00e9tico\u2014, la Empresa de Campismo espirituana ha mantenido abiertas sus seis instalaciones con opciones aceptables en los servicios y, en general, con indicadores meritorios. Vanessa D\u00edaz, directora comercial de esa entidad en el territorio, explic\u00f3 a la prensa la estrategia que han aplicado para lograr este resultado.<\/p>\n<p class=\"ds-markdown-paragraph\"><em>\u201cDesde el mismo momento en que el cliente se dirige a nuestro Bur\u00f3 de Reservaciones, le explicamos todas las limitaciones que tenemos hoy: que no contamos con grupo electr\u00f3geno, que solo disponemos de dos o tres horas de corriente al d\u00eda, que a veces no tenemos ni el servicio de piscinas\u2026 Pero, aun as\u00ed, estos clientes han decidido visitar nuestras instalaciones por sus propios medios.<\/em><\/p>\n<p class=\"ds-markdown-paragraph\"><em>Es una realidad que no contamos con el servicio de Transporte Escolar por la situaci\u00f3n del combustible y todas estas limitantes; sin embargo, los clientes de las comunidades m\u00e1s cercanas son los que hoy m\u00e1s nos han visitado.<\/em><\/p>\n<p class=\"ds-markdown-paragraph\"><em>Los fines de semana hemos tenido la mayor\u00eda de los clientes; los excursionistas tambi\u00e9n nos han visitado mucho. Quiz\u00e1s ha sido porque en otros lugares han cerrado y han visto que la \u00fanica opci\u00f3n abierta es el campismo\u201d.<\/em><\/p>\n<p class=\"ds-markdown-paragraph\">Como ya es tradicional, los j\u00f3venes constituyen el segmento m\u00e1s representativo entre los visitantes a las bases de campismo de Sancti Sp\u00edritus, las cuales mantienen favorables indicadores tanto en el n\u00famero de clientes atendidos como en los ingresos econ\u00f3micos.<\/p>\n<p class=\"ds-markdown-paragraph\"><em>\u201cNosotros nos hemos enfocado, por lo menos en las noches, en hacer tres o cuatro fogatas en lugares espec\u00edficos. A veces el cliente lleva su EcoFlow y le podemos poner el bafle recargable que tenemos, y ah\u00ed se hace la actividad.<\/em><\/p>\n<p class=\"ds-markdown-paragraph\"><em>En el horario del restaurante se han puesto velas a la hora de prestar el servicio.<\/em><\/p>\n<p class=\"ds-markdown-paragraph\"><em>Tambi\u00e9n quer\u00eda resaltar y reconocer la labor que est\u00e1n haciendo los trabajadores de Campismo. Aun sin contar con un transporte propio hacia las instalaciones, estos trabajadores que viven a 6, 7 y 8 kil\u00f3metros asisten todos los d\u00edas al campismo para prestar un servicio que, quiz\u00e1s no es con una calidad del 100 %, pero s\u00ed con una calidad asequible\u201d.<\/em><\/p>\n<\/div>\n<\/div>\n<p><iframe src=\"https:\/\/www.ivoox.com\/player_ej_172976151_6_1.html?c1=7a0d0b\" width=\"100%\" height=\"200\" frameborder=\"0\" scrolling=\"no\" allowfullscreen=\"allowfullscreen\"><\/iframe><\/p>\n","protected":false},"excerpt":{"rendered":"<p>En medio de limitaciones de todo tipo \u2014fundamentalmente de insumos, transportaci\u00f3n y del servicio electroenerg\u00e9tico\u2014, la Empresa de Campismo espirituana ha mantenido abiertas sus seis instalaciones con opciones aceptables en los servicios y, en general, con indicadores meritorios. Vanessa D\u00edaz, directora comercial de esa entidad en el territorio, explic\u00f3 a la prensa la estrategia que [&hellip;]<\/p>\n","protected":false},"author":144,"featured_media":68996,"comment_status":"open","ping_status":"open","sticky":false,"template":"","format":"standard","meta":{"_acf_changed":false,"footnotes":""},"categories":[8,16,9,1],"tags":[306,245,57,220,486],"coauthors":[1910],"class_list":["post-68995","post","type-post","status-publish","format-standard","has-post-thumbnail","hentry","category-noticia","category-economia","category-en-audio","category-sancti-spiritus","tag-campismo-popular","tag-naturaleza","tag-recreacion","tag-recreacion-sana","tag-turismo-de-naturaleza"],"acf":[],"_links":{"self":[{"href":"https:\/\/www.radiosanctispiritus.cu\/es\/wp-json\/wp\/v2\/posts\/68995","targetHints":{"allow":["GET"]}}],"collection":[{"href":"https:\/\/www.radiosanctispiritus.cu\/es\/wp-json\/wp\/v2\/posts"}],"about":[{"href":"https:\/\/www.radiosanctispiritus.cu\/es\/wp-json\/wp\/v2\/types\/post"}],"author":[{"embeddable":true,"href":"https:\/\/www.radiosanctispiritus.cu\/es\/wp-json\/wp\/v2\/users\/144"}],"replies":[{"embeddable":true,"href":"https:\/\/www.radiosanctispiritus.cu\/es\/wp-json\/wp\/v2\/comments?post=68995"}],"version-history":[{"count":2,"href":"https:\/\/www.radiosanctispiritus.cu\/es\/wp-json\/wp\/v2\/posts\/68995\/revisions"}],"predecessor-version":[{"id":68998,"href":"https:\/\/www.radiosanctispiritus.cu\/es\/wp-json\/wp\/v2\/posts\/68995\/revisions\/68998"}],"wp:featuredmedia":[{"embeddable":true,"href":"https:\/\/www.radiosanctispiritus.cu\/es\/wp-json\/wp\/v2\/media\/68996"}],"wp:attachment":[{"href":"https:\/\/www.radiosanctispiritus.cu\/es\/wp-json\/wp\/v2\/media?parent=68995"}],"wp:term":[{"taxonomy":"category","embeddable":true,"href":"https:\/\/www.radiosanctispiritus.cu\/es\/wp-json\/wp\/v2\/categories?post=68995"},{"taxonomy":"post_tag","embeddable":true,"href":"https:\/\/www.radiosanctispiritus.cu\/es\/wp-json\/wp\/v2\/tags?post=68995"},{"taxonomy":"author","embeddable":true,"href":"https:\/\/www.radiosanctispiritus.cu\/es\/wp-json\/wp\/v2\/coauthors?post=68995"}],"curies":[{"name":"wp","href":"https:\/\/api.w.org\/{rel}","templated":true}]}}