{"id":68990,"date":"2026-05-03T05:15:31","date_gmt":"2026-05-03T09:15:31","guid":{"rendered":"https:\/\/www.radiosanctispiritus.cu\/es\/?p=68990"},"modified":"2026-05-02T22:08:13","modified_gmt":"2026-05-03T02:08:13","slug":"la-lecuona-vive-su-primera-graduacion-de-profesores-instructores-de-arte","status":"publish","type":"post","link":"https:\/\/www.radiosanctispiritus.cu\/es\/la-lecuona-vive-su-primera-graduacion-de-profesores-instructores-de-arte\/","title":{"rendered":"La Lecuona vive su primera graduaci\u00f3n de Profesores Instructores de Arte"},"content":{"rendered":"<div class=\"ds-message _63c77b1\">\n<div class=\"ds-markdown\">\n<p class=\"ds-markdown-paragraph\">Despu\u00e9s de cuatro largos a\u00f1os de formaci\u00f3n, la ense\u00f1anza art\u00edstica espirituana vivir\u00e1 uno de sus momentos m\u00e1s esperados: el egreso de una decena de estudiantes de la carrera de Profesor Instructor de Arte. Para la Escuela de Arte Ernesto Lecuona de Sancti Sp\u00edritus representa uno de sus grandes retos, por ser la primera vez que esta instituci\u00f3n asume dicha graduaci\u00f3n, seg\u00fan explic\u00f3 F\u00e9lix Ram\u00f3n Delgado Barrizonte, al frente de la ense\u00f1anza art\u00edstica en la provincia.<\/p>\n<p class=\"ds-markdown-paragraph\"><em>\u201cA partir del d\u00eda 5 estaremos realizando los ejercicios de culminaci\u00f3n de estudio en las manifestaciones de m\u00fasica, teatro y danza. Si bien es un ejercicio que tiene altos requerimientos metodol\u00f3gicos, t\u00e9cnicos, art\u00edsticos y pedag\u00f3gicos \u2014que es el perfil del Profesor Instructor de Arte\u2014, va a dejar el cimiento para las posteriores graduaciones a partir de esta primera experiencia que tiene la Lecuona como techo acad\u00e9mico de esta carrera, que anteriormente estaba bajo la rector\u00eda del Ministerio de Educaci\u00f3n\u201d.<\/em><\/p>\n<p class=\"ds-markdown-paragraph\">Los estudiantes proceden de varios municipios: en su gran mayor\u00eda, de Sancti Sp\u00edritus, y tambi\u00e9n de La Sierpe, Trinidad, Yaguajay y Cabaigu\u00e1n.<\/p>\n<p class=\"ds-markdown-paragraph\"><em>\u201cAlgunos realizar\u00e1n sus ejercicios en escuelas primarias del territorio y otros en el Sistema de Casas de Cultura, en unidades art\u00edsticas de gran formato como La Colmenita y Los Yayaberitos. Apelamos a fomentar expresiones art\u00edsticas de las que a\u00fan adolecen estas unidades; por tanto, la llegada de estos j\u00f3venes puede, de alguna manera, fructificar el trabajo, engrandecerlo y hacerlo perdurar a\u00fan m\u00e1s en el tiempo, porque estas agrupaciones ya tienen una obra consolidada durante a\u00f1os por directores de experiencia en la m\u00fasica, la danza, el teatro, y por otros promotores naturales y culturales que las dirigen\u201d.<\/em><\/p>\n<p><iframe src=\"https:\/\/www.ivoox.com\/player_ej_172975984_6_1.html?c1=7a0d0b\" width=\"100%\" height=\"200\" frameborder=\"0\" scrolling=\"no\" allowfullscreen=\"allowfullscreen\"><\/iframe><\/p>\n<\/div>\n<\/div>\n","protected":false},"excerpt":{"rendered":"<p>Despu\u00e9s de cuatro largos a\u00f1os de formaci\u00f3n, la ense\u00f1anza art\u00edstica espirituana vivir\u00e1 uno de sus momentos m\u00e1s esperados: el egreso de una decena de estudiantes de la carrera de Profesor Instructor de Arte. Para la Escuela de Arte Ernesto Lecuona de Sancti Sp\u00edritus representa uno de sus grandes retos, por ser la primera vez que [&hellip;]<\/p>\n","protected":false},"author":12,"featured_media":34060,"comment_status":"open","ping_status":"open","sticky":false,"template":"","format":"standard","meta":{"_acf_changed":false,"footnotes":""},"categories":[8,6,9,1],"tags":[346,1523,2358,2357],"coauthors":[1864],"class_list":["post-68990","post","type-post","status-publish","format-standard","has-post-thumbnail","hentry","category-noticia","category-cultura","category-en-audio","category-sancti-spiritus","tag-ensenanza-artistica","tag-escuela-de-arte-ernesto-lecuona","tag-primera-graduacion","tag-profesor-instructor-de-arte"],"acf":[],"_links":{"self":[{"href":"https:\/\/www.radiosanctispiritus.cu\/es\/wp-json\/wp\/v2\/posts\/68990","targetHints":{"allow":["GET"]}}],"collection":[{"href":"https:\/\/www.radiosanctispiritus.cu\/es\/wp-json\/wp\/v2\/posts"}],"about":[{"href":"https:\/\/www.radiosanctispiritus.cu\/es\/wp-json\/wp\/v2\/types\/post"}],"author":[{"embeddable":true,"href":"https:\/\/www.radiosanctispiritus.cu\/es\/wp-json\/wp\/v2\/users\/12"}],"replies":[{"embeddable":true,"href":"https:\/\/www.radiosanctispiritus.cu\/es\/wp-json\/wp\/v2\/comments?post=68990"}],"version-history":[{"count":4,"href":"https:\/\/www.radiosanctispiritus.cu\/es\/wp-json\/wp\/v2\/posts\/68990\/revisions"}],"predecessor-version":[{"id":68993,"href":"https:\/\/www.radiosanctispiritus.cu\/es\/wp-json\/wp\/v2\/posts\/68990\/revisions\/68993"}],"wp:featuredmedia":[{"embeddable":true,"href":"https:\/\/www.radiosanctispiritus.cu\/es\/wp-json\/wp\/v2\/media\/34060"}],"wp:attachment":[{"href":"https:\/\/www.radiosanctispiritus.cu\/es\/wp-json\/wp\/v2\/media?parent=68990"}],"wp:term":[{"taxonomy":"category","embeddable":true,"href":"https:\/\/www.radiosanctispiritus.cu\/es\/wp-json\/wp\/v2\/categories?post=68990"},{"taxonomy":"post_tag","embeddable":true,"href":"https:\/\/www.radiosanctispiritus.cu\/es\/wp-json\/wp\/v2\/tags?post=68990"},{"taxonomy":"author","embeddable":true,"href":"https:\/\/www.radiosanctispiritus.cu\/es\/wp-json\/wp\/v2\/coauthors?post=68990"}],"curies":[{"name":"wp","href":"https:\/\/api.w.org\/{rel}","templated":true}]}}