{"id":68984,"date":"2026-05-03T05:30:57","date_gmt":"2026-05-03T09:30:57","guid":{"rendered":"https:\/\/www.radiosanctispiritus.cu\/es\/?p=68984"},"modified":"2026-05-02T21:29:21","modified_gmt":"2026-05-03T01:29:21","slug":"universidad-de-sancti-spiritus-ratifica-semipresencialidad-a-partir-de-este-lunes-4-de-mayo","status":"publish","type":"post","link":"https:\/\/www.radiosanctispiritus.cu\/es\/universidad-de-sancti-spiritus-ratifica-semipresencialidad-a-partir-de-este-lunes-4-de-mayo\/","title":{"rendered":"Universidad de Sancti Sp\u00edritus ratifica semipresencialidad a partir de este lunes 4 de mayo"},"content":{"rendered":"<p class=\"ds-markdown-paragraph\">La Universidad de Sancti Sp\u00edritus Jos\u00e9 Mart\u00ed P\u00e9rez mantendr\u00e1 la actividad semipresencial a partir de este lunes 4 de mayo en todos los tipos de curso. La medida, ajustada a las condiciones de cada territorio, busca garantizar la continuidad de los estudios universitarios ante el complejo escenario que vive el pa\u00eds, recrudecido por el gobierno de Estados Unidos.<\/p>\n<p class=\"ds-markdown-paragraph\">El rector de la instituci\u00f3n, el Dr. C. Edelvis Bravo Amarante, lo confirm\u00f3 de esta manera:<\/p>\n<p class=\"ds-markdown-paragraph\"><em>\u201cRatifico que mantenemos la condici\u00f3n de semipresencialidad. Por tanto, seguimos desarrollando la docencia desde la plataforma virtual y la plataforma interactiva de aprendizaje. Adem\u00e1s, implementaremos un sistema de consultas presenciales en la sede central de Sancti Sp\u00edritus para los estudiantes que residen en la ciudad, as\u00ed como en cada uno de los centros universitarios municipales\u201d.<\/em><\/p>\n<p class=\"ds-markdown-paragraph\">Sobre el calendario acad\u00e9mico, Bravo Amarante precis\u00f3: <em>\u201cHemos tomado tambi\u00e9n la decisi\u00f3n de avanzar con la tercera convocatoria de ex\u00e1menes que estaba pendiente para los estudiantes de Sancti Sp\u00edritus y para los del curso por encuentro de los centros universitarios municipales. Quedar\u00edan pendientes los estudiantes de curso regular diurno de los municipios; esperaremos a que exista la opci\u00f3n de presencialidad total para que puedan recibir las consultas con sus profesores y est\u00e9n en condiciones de \u00e9xito para desarrollar sus ex\u00e1menes\u201d.<\/em><\/p>\n<p class=\"ds-markdown-paragraph\">El directivo explic\u00f3 que se realizan diversas gestiones para incrementar la presencialidad en la universidad.<em> \u201cIncluso se ha valorado la posibilidad de organizar un concentrado donde todos los estudiantes de los municipios puedan venir a recibir un nivel de consulta m\u00e1s especializada durante un periodo corto, o un semestre de clase como normalmente es. Sin embargo, eso todav\u00eda no se ha podido materializar debido a la disponibilidad de combustible en el territorio. Ya estamos en conversaciones con las autoridades del Gobierno, el Partido y la direcci\u00f3n de transporte de la provincia para hacer realidad esta acci\u00f3n\u201d.<\/em><\/p>\n<p class=\"ds-markdown-paragraph\">El rector insisti\u00f3 en la importancia de los canales oficiales para mantenerse informados: <em>\u201cCuando esa acci\u00f3n se vaya a hacer efectiva, se comunicar\u00e1 mediante nota oficial de prensa por todos los canales de la universidad: la p\u00e1gina web, nuestra p\u00e1gina en Facebook, Instagram y todas las plataformas institucionales. Por tanto, les pedimos a todos los estudiantes que utilicen estas v\u00edas de comunicaci\u00f3n para informarse sobre los procesos universitarios. Igualmente, es fundamental mantener la comunicaci\u00f3n con sus profesores principales de a\u00f1o, quienes tambi\u00e9n les estar\u00e1n informando\u201d.<\/em><\/p>\n<p class=\"ds-markdown-paragraph\">Finalmente, el doctor en ciencias aclar\u00f3 un punto clave para disipar dudas: <em>\u201cQueremos dejar claro que, por alguna modelaci\u00f3n que hemos estado haciendo, puede haber existido la preocupaci\u00f3n entre los estudiantes de que se iba a entrar el pr\u00f3ximo domingo 3 o el lunes 4 a la universidad de manera presencial. Eso no es as\u00ed; se mantiene el curso en la semipresencialidad\u201d.<\/em><\/p>\n<p><iframe src=\"https:\/\/www.ivoox.com\/player_ej_172975722_6_1.html?c1=7a0d0b\" width=\"100%\" height=\"200\" frameborder=\"0\" scrolling=\"no\" allowfullscreen=\"allowfullscreen\"><\/iframe><\/p>\n","protected":false},"excerpt":{"rendered":"<p>La Universidad de Sancti Sp\u00edritus Jos\u00e9 Mart\u00ed P\u00e9rez mantendr\u00e1 la actividad semipresencial a partir de este lunes 4 de mayo en todos los tipos de curso. La medida, ajustada a las condiciones de cada territorio, busca garantizar la continuidad de los estudios universitarios ante el complejo escenario que vive el pa\u00eds, recrudecido por el gobierno [&hellip;]<\/p>\n","protected":false},"author":8,"featured_media":68987,"comment_status":"open","ping_status":"open","sticky":false,"template":"","format":"standard","meta":{"_acf_changed":false,"footnotes":""},"categories":[8,14,9,1],"tags":[2356,263,2355,656,1723],"coauthors":[1917],"class_list":["post-68984","post","type-post","status-publish","format-standard","has-post-thumbnail","hentry","category-noticia","category-educacion","category-en-audio","category-sancti-spiritus","tag-canales","tag-educacion-superior","tag-semipresencialidad","tag-uniss","tag-universidad-de-sancti-spiritus-jose-marti-perez"],"acf":[],"_links":{"self":[{"href":"https:\/\/www.radiosanctispiritus.cu\/es\/wp-json\/wp\/v2\/posts\/68984","targetHints":{"allow":["GET"]}}],"collection":[{"href":"https:\/\/www.radiosanctispiritus.cu\/es\/wp-json\/wp\/v2\/posts"}],"about":[{"href":"https:\/\/www.radiosanctispiritus.cu\/es\/wp-json\/wp\/v2\/types\/post"}],"author":[{"embeddable":true,"href":"https:\/\/www.radiosanctispiritus.cu\/es\/wp-json\/wp\/v2\/users\/8"}],"replies":[{"embeddable":true,"href":"https:\/\/www.radiosanctispiritus.cu\/es\/wp-json\/wp\/v2\/comments?post=68984"}],"version-history":[{"count":4,"href":"https:\/\/www.radiosanctispiritus.cu\/es\/wp-json\/wp\/v2\/posts\/68984\/revisions"}],"predecessor-version":[{"id":68989,"href":"https:\/\/www.radiosanctispiritus.cu\/es\/wp-json\/wp\/v2\/posts\/68984\/revisions\/68989"}],"wp:featuredmedia":[{"embeddable":true,"href":"https:\/\/www.radiosanctispiritus.cu\/es\/wp-json\/wp\/v2\/media\/68987"}],"wp:attachment":[{"href":"https:\/\/www.radiosanctispiritus.cu\/es\/wp-json\/wp\/v2\/media?parent=68984"}],"wp:term":[{"taxonomy":"category","embeddable":true,"href":"https:\/\/www.radiosanctispiritus.cu\/es\/wp-json\/wp\/v2\/categories?post=68984"},{"taxonomy":"post_tag","embeddable":true,"href":"https:\/\/www.radiosanctispiritus.cu\/es\/wp-json\/wp\/v2\/tags?post=68984"},{"taxonomy":"author","embeddable":true,"href":"https:\/\/www.radiosanctispiritus.cu\/es\/wp-json\/wp\/v2\/coauthors?post=68984"}],"curies":[{"name":"wp","href":"https:\/\/api.w.org\/{rel}","templated":true}]}}