{"id":68939,"date":"2026-05-02T05:00:37","date_gmt":"2026-05-02T09:00:37","guid":{"rendered":"https:\/\/www.radiosanctispiritus.cu\/es\/?p=68939"},"modified":"2026-05-01T22:14:35","modified_gmt":"2026-05-02T02:14:35","slug":"de-la-jesus-menendez-a-la-lazaro-pena-artex-en-sancti-spiritus-cosecha-el-mas-alto-lauro-sindical","status":"publish","type":"post","link":"https:\/\/www.radiosanctispiritus.cu\/es\/de-la-jesus-menendez-a-la-lazaro-pena-artex-en-sancti-spiritus-cosecha-el-mas-alto-lauro-sindical\/","title":{"rendered":"De la Jes\u00fas Men\u00e9ndez a la L\u00e1zaro Pe\u00f1a: Artex en Sancti Sp\u00edritus cosecha el m\u00e1s alto lauro sindical"},"content":{"rendered":"<p class=\"ds-markdown-paragraph\">Con la mirada puesta en su objeto social \u2014promover y comercializar productos y servicios de la cultura cubana\u2014 y los pies afincados en el actual contexto, donde es imperdonable perder un centavo, la sucursal espirituana de la Empresa de Promociones Art\u00edsticas y Literarias Artex S.A. volvi\u00f3 a demostrar que el trabajo en unidad es llave maestra para abrir casi todas las puertas.<\/p>\n<p class=\"ds-markdown-paragraph\">Es por ello que no sorprende que sea el \u00fanico colectivo del sector cultural en recibir en este 2026 la Orden L\u00e1zaro Pe\u00f1a de tercer grado, creada por el Decreto Ley n\u00famero 30 del 10 de diciembre de 1979.<\/p>\n<p class=\"ds-markdown-paragraph\">Basta revisar la historia de la sucursal \u2014a la vanguardia entre sus hom\u00f3logas en el pa\u00eds en m\u00e1s de una ocasi\u00f3n y con el cumplimiento de sus planes econ\u00f3micos\u2014 para entender que el alt\u00edsimo reconocimiento le acomoda como anillo al dedo. As\u00ed lo explica Bellalina Rosendi Triana, secretaria general del Sindicato de los Trabajadores de la Cultura en Sancti Sp\u00edritus:<\/p>\n<p class=\"ds-markdown-paragraph\"><em>\u00abPor todos sus resultados obtuvieron en un momento la Jes\u00fas Men\u00e9ndez, que se otorga a colectivos que han sido vanguardia o distinguidos durante varios a\u00f1os en su trayectoria. Si mantienen sus resultados, esa misma entrega y el trabajo integral \u2014tanto sindical como desde la cultura\u2014, se les puede otorgar tambi\u00e9n la L\u00e1zaro Pe\u00f1a de tercer grado, que es la m\u00e1xima condici\u00f3n que otorga la Central de Trabajadores de Cuba a un colectivo. En el caso de Artex, el \u00fanico colectivo del sector con esta distinci\u00f3n, ha sido gracias a ese resultado acumulado de a\u00f1os de trabajo, dedicaci\u00f3n y entrega. La familia Artex \u2014como bien ellos se llaman\u2014 est\u00e1 siempre presente en todos los eventos y fechas hist\u00f3ricas\u00bb.<\/em><\/p>\n<p class=\"ds-markdown-paragraph\">La dirigente sindical a\u00f1adi\u00f3 que tienen una participaci\u00f3n muy activa en todas las actividades que se desarrollan tanto en la ciudad de Sancti Sp\u00edritus como en Trinidad. <em>\u00abHan creado varios espacios dedicados a la promoci\u00f3n del arte y la cultura en todas sus manifestaciones, con un apoyo incondicional a las actividades en Trinidad y una labor constante en la cultura. Promoviendo el arte desde todas sus aristas, han sido un puntal para que el colectivo contin\u00fae siendo reconocido y alcance este alto reconocimiento de la L\u00e1zaro Pe\u00f1a de tercer grado\u00bb.<\/em><\/p>\n<p class=\"ds-markdown-paragraph\">Este alegr\u00f3n se recibe en el aniversario 37 de la entidad. Por eso, en la tercera villa de Cuba se ha reforzado una estrategia de trabajo que ha logrado resultados concretos en las programaciones de la Casa Artex, el Palenque de los Congos Reales y la Casa de la Trova. Similares acciones se prev\u00e9n en las instalaciones de la urbe del Yayabo.<\/p>\n<p><iframe src=\"https:\/\/www.ivoox.com\/player_ej_172935773_6_1.html?c1=7a0d0b\" width=\"100%\" height=\"200\" frameborder=\"0\" scrolling=\"no\" allowfullscreen=\"allowfullscreen\"><\/iframe><\/p>\n","protected":false},"excerpt":{"rendered":"<p>Con la mirada puesta en su objeto social \u2014promover y comercializar productos y servicios de la cultura cubana\u2014 y los pies afincados en el actual contexto, donde es imperdonable perder un centavo, la sucursal espirituana de la Empresa de Promociones Art\u00edsticas y Literarias Artex S.A. volvi\u00f3 a demostrar que el trabajo en unidad es llave [&hellip;]<\/p>\n","protected":false},"author":12,"featured_media":68940,"comment_status":"open","ping_status":"open","sticky":false,"template":"","format":"standard","meta":{"_acf_changed":false,"footnotes":""},"categories":[6,9,8,1],"tags":[646,2349,282,2348,2350,40],"coauthors":[1864],"class_list":["post-68939","post","type-post","status-publish","format-standard","has-post-thumbnail","hentry","category-cultura","category-en-audio","category-noticia","category-sancti-spiritus","tag-artex","tag-casa-artex","tag-cultura","tag-lazaro-pena","tag-sindicato-de-los-trabajadores-de-la-cultura","tag-trinidad"],"acf":[],"_links":{"self":[{"href":"https:\/\/www.radiosanctispiritus.cu\/es\/wp-json\/wp\/v2\/posts\/68939","targetHints":{"allow":["GET"]}}],"collection":[{"href":"https:\/\/www.radiosanctispiritus.cu\/es\/wp-json\/wp\/v2\/posts"}],"about":[{"href":"https:\/\/www.radiosanctispiritus.cu\/es\/wp-json\/wp\/v2\/types\/post"}],"author":[{"embeddable":true,"href":"https:\/\/www.radiosanctispiritus.cu\/es\/wp-json\/wp\/v2\/users\/12"}],"replies":[{"embeddable":true,"href":"https:\/\/www.radiosanctispiritus.cu\/es\/wp-json\/wp\/v2\/comments?post=68939"}],"version-history":[{"count":4,"href":"https:\/\/www.radiosanctispiritus.cu\/es\/wp-json\/wp\/v2\/posts\/68939\/revisions"}],"predecessor-version":[{"id":68944,"href":"https:\/\/www.radiosanctispiritus.cu\/es\/wp-json\/wp\/v2\/posts\/68939\/revisions\/68944"}],"wp:featuredmedia":[{"embeddable":true,"href":"https:\/\/www.radiosanctispiritus.cu\/es\/wp-json\/wp\/v2\/media\/68940"}],"wp:attachment":[{"href":"https:\/\/www.radiosanctispiritus.cu\/es\/wp-json\/wp\/v2\/media?parent=68939"}],"wp:term":[{"taxonomy":"category","embeddable":true,"href":"https:\/\/www.radiosanctispiritus.cu\/es\/wp-json\/wp\/v2\/categories?post=68939"},{"taxonomy":"post_tag","embeddable":true,"href":"https:\/\/www.radiosanctispiritus.cu\/es\/wp-json\/wp\/v2\/tags?post=68939"},{"taxonomy":"author","embeddable":true,"href":"https:\/\/www.radiosanctispiritus.cu\/es\/wp-json\/wp\/v2\/coauthors?post=68939"}],"curies":[{"name":"wp","href":"https:\/\/api.w.org\/{rel}","templated":true}]}}