{"id":68935,"date":"2026-05-02T05:12:47","date_gmt":"2026-05-02T09:12:47","guid":{"rendered":"https:\/\/www.radiosanctispiritus.cu\/es\/?p=68935"},"modified":"2026-05-01T22:16:17","modified_gmt":"2026-05-02T02:16:17","slug":"producen-semillas-basicas-de-arroz-iacuba-47-y-viva-17-en-estacion-de-la-sierpe","status":"publish","type":"post","link":"https:\/\/www.radiosanctispiritus.cu\/es\/producen-semillas-basicas-de-arroz-iacuba-47-y-viva-17-en-estacion-de-la-sierpe\/","title":{"rendered":"Producen semillas b\u00e1sicas de arroz IACuba 47 y Viva 17 en estaci\u00f3n de La Sierpe"},"content":{"rendered":"<p class=\"ds-markdown-paragraph\">De las variedades de arroz IACuba 47 y Viva 17 \u2014de alta demanda\u2014 se producen en esta etapa semillas b\u00e1sicas en la Estaci\u00f3n Territorial de Investigaciones de Granos Sur del J\u00edbaro, en La Sierpe. Este paso constituye el primero en la cadena productiva de semillas del municipio y de otros territorios de la regi\u00f3n central del pa\u00eds. Posteriormente, unidades especializadas se encargan de multiplicarlas para el cultivo del cereal.<\/p>\n<p class=\"ds-markdown-paragraph\">Tanto IACuba 47 como Viva 17 se caracterizan por su alta resistencia a plagas y enfermedades, su adaptaci\u00f3n al clima en las distintas \u00e9pocas del a\u00f1o y los altos rendimientos agr\u00edcolas que se obtienen.<\/p>\n<p class=\"ds-markdown-paragraph\">El proyecto de desarrollo arrocero implementado en la Estaci\u00f3n Territorial de Investigaciones de Granos Sur del J\u00edbaro incluye a productores extensionistas seleccionados en las provincias de Ciego de \u00c1vila, Villa Clara, Matanzas y Sancti Sp\u00edritus. Estos productores cuentan con una elevada preparaci\u00f3n tanto en la pol\u00edtica varietal como en la producci\u00f3n de semillas.<\/p>\n<p><iframe src=\"https:\/\/www.ivoox.com\/player_ej_172893025_6_1.html?c1=7a0d0b\" width=\"100%\" height=\"200\" frameborder=\"0\" scrolling=\"no\" allowfullscreen=\"allowfullscreen\"><\/iframe><\/p>\n","protected":false},"excerpt":{"rendered":"<p>De las variedades de arroz IACuba 47 y Viva 17 \u2014de alta demanda\u2014 se producen en esta etapa semillas b\u00e1sicas en la Estaci\u00f3n Territorial de Investigaciones de Granos Sur del J\u00edbaro, en La Sierpe. Este paso constituye el primero en la cadena productiva de semillas del municipio y de otros territorios de la regi\u00f3n central [&hellip;]<\/p>\n","protected":false},"author":136,"featured_media":68938,"comment_status":"open","ping_status":"open","sticky":false,"template":"","format":"standard","meta":{"_acf_changed":false,"footnotes":""},"categories":[8,16,9,1],"tags":[498,1503,788,355],"coauthors":[1875],"class_list":["post-68935","post","type-post","status-publish","format-standard","has-post-thumbnail","hentry","category-noticia","category-economia","category-en-audio","category-sancti-spiritus","tag-arroz","tag-estacion-territorial-de-investigaciones-de-granos-sur-del-jibaro","tag-la-sierpe","tag-soberania-alimentaria"],"acf":[],"_links":{"self":[{"href":"https:\/\/www.radiosanctispiritus.cu\/es\/wp-json\/wp\/v2\/posts\/68935","targetHints":{"allow":["GET"]}}],"collection":[{"href":"https:\/\/www.radiosanctispiritus.cu\/es\/wp-json\/wp\/v2\/posts"}],"about":[{"href":"https:\/\/www.radiosanctispiritus.cu\/es\/wp-json\/wp\/v2\/types\/post"}],"author":[{"embeddable":true,"href":"https:\/\/www.radiosanctispiritus.cu\/es\/wp-json\/wp\/v2\/users\/136"}],"replies":[{"embeddable":true,"href":"https:\/\/www.radiosanctispiritus.cu\/es\/wp-json\/wp\/v2\/comments?post=68935"}],"version-history":[{"count":2,"href":"https:\/\/www.radiosanctispiritus.cu\/es\/wp-json\/wp\/v2\/posts\/68935\/revisions"}],"predecessor-version":[{"id":68937,"href":"https:\/\/www.radiosanctispiritus.cu\/es\/wp-json\/wp\/v2\/posts\/68935\/revisions\/68937"}],"wp:featuredmedia":[{"embeddable":true,"href":"https:\/\/www.radiosanctispiritus.cu\/es\/wp-json\/wp\/v2\/media\/68938"}],"wp:attachment":[{"href":"https:\/\/www.radiosanctispiritus.cu\/es\/wp-json\/wp\/v2\/media?parent=68935"}],"wp:term":[{"taxonomy":"category","embeddable":true,"href":"https:\/\/www.radiosanctispiritus.cu\/es\/wp-json\/wp\/v2\/categories?post=68935"},{"taxonomy":"post_tag","embeddable":true,"href":"https:\/\/www.radiosanctispiritus.cu\/es\/wp-json\/wp\/v2\/tags?post=68935"},{"taxonomy":"author","embeddable":true,"href":"https:\/\/www.radiosanctispiritus.cu\/es\/wp-json\/wp\/v2\/coauthors?post=68935"}],"curies":[{"name":"wp","href":"https:\/\/api.w.org\/{rel}","templated":true}]}}