{"id":68926,"date":"2026-05-02T05:30:24","date_gmt":"2026-05-02T09:30:24","guid":{"rendered":"https:\/\/www.radiosanctispiritus.cu\/es\/?p=68926"},"modified":"2026-05-02T07:48:33","modified_gmt":"2026-05-02T11:48:33","slug":"una-firma-mayuscula-de-resistencia-y-esperanza-sancti-spiritus-dijo-no-a-la-guerra-y-si-a-la-paz","status":"publish","type":"post","link":"https:\/\/www.radiosanctispiritus.cu\/es\/una-firma-mayuscula-de-resistencia-y-esperanza-sancti-spiritus-dijo-no-a-la-guerra-y-si-a-la-paz\/","title":{"rendered":"Una firma may\u00fascula de resistencia y esperanza"},"content":{"rendered":"<p class=\"ds-markdown-paragraph\">Una firma may\u00fascula de miles de espirituanos se estamp\u00f3 en medio de la plaza de la Revoluci\u00f3n Seraf\u00edn S\u00e1nchez Valdivia en este primer d\u00eda de mayo. El recinto tambi\u00e9n se inund\u00f3 de fusiles simb\u00f3licos. Eran las armas de quienes fueron a defender su patria con la p\u00f3lvora del compromiso y el deber, convocados por ese halo de resistencia y dignidad que llama a los cubanos cada a\u00f1o en la primera jornada de mayo.<\/p>\n<p class=\"ds-markdown-paragraph\">Una danza de banderas y colores, de c\u00e1nticos y vivas a la paz y a esta concordia que nadie entiende excepto nosotros mismos, se dieron la mano en medio de la plaza, porque ac\u00e1 no se entiende de disposiciones desde lejos, ni de amenazas, ni de cercos.<\/p>\n<p><img decoding=\"async\" class=\"alignnone size-medium wp-image-68928\" src=\"https:\/\/www.radiosanctispiritus.cu\/es\/wp-content\/uploads\/HHPzyS5WIAAIIGy-600x400.jpeg\" alt=\"\" width=\"600\" height=\"400\" srcset=\"https:\/\/www.radiosanctispiritus.cu\/es\/wp-content\/uploads\/HHPzyS5WIAAIIGy-600x400.jpeg 600w, https:\/\/www.radiosanctispiritus.cu\/es\/wp-content\/uploads\/HHPzyS5WIAAIIGy-1024x683.jpeg 1024w, https:\/\/www.radiosanctispiritus.cu\/es\/wp-content\/uploads\/HHPzyS5WIAAIIGy-768x512.jpeg 768w, https:\/\/www.radiosanctispiritus.cu\/es\/wp-content\/uploads\/HHPzyS5WIAAIIGy.jpeg 1536w\" sizes=\"(max-width: 600px) 100vw, 600px\" \/><\/p>\n<p class=\"ds-markdown-paragraph\">Por eso, la ma\u00f1ana se vigoriz\u00f3 con el rugir de las congas y la energ\u00eda emanada de las voces y los cuerpos de los pasados en a\u00f1os y de otros no tanto, de j\u00f3venes y hasta ni\u00f1os que, en masa compacta, hicieron converger a todas las generaciones y dijeron un NO a la guerra y a las agresiones, y un S\u00cd por la soberan\u00eda, la independencia y la esperanza.<\/p>\n<p><img decoding=\"async\" class=\"alignnone size-medium wp-image-68929\" src=\"https:\/\/www.radiosanctispiritus.cu\/es\/wp-content\/uploads\/HHPyEwtW4AAdFVl-600x393.jpeg\" alt=\"\" width=\"600\" height=\"393\" srcset=\"https:\/\/www.radiosanctispiritus.cu\/es\/wp-content\/uploads\/HHPyEwtW4AAdFVl-600x393.jpeg 600w, https:\/\/www.radiosanctispiritus.cu\/es\/wp-content\/uploads\/HHPyEwtW4AAdFVl-1024x671.jpeg 1024w, https:\/\/www.radiosanctispiritus.cu\/es\/wp-content\/uploads\/HHPyEwtW4AAdFVl-768x503.jpeg 768w, https:\/\/www.radiosanctispiritus.cu\/es\/wp-content\/uploads\/HHPyEwtW4AAdFVl.jpeg 1536w\" sizes=\"(max-width: 600px) 100vw, 600px\" \/><\/p>\n<p class=\"ds-markdown-paragraph\">Cada sindicato busc\u00f3 la manera de hacerse sentir en medio de la plaza, y cada uno particulariz\u00f3 su presencia con los s\u00edmbolos, las iniciativas y los iconos que identifican el aporte cotidiano de cada cual para hacer frente a las limitaciones, un sentir que es el del pueblo todo, al decir de la miembro del Comit\u00e9 Central y primera secretaria del Partido en la provincia, Deivy P\u00e9rez Mart\u00edn:<\/p>\n<p class=\"ds-markdown-paragraph\"><em>\u00abHa sido otra gran historia y una gran victoria del pueblo espirituano apoyando la Revoluci\u00f3n, apoyando sus conquistas, y ver un pueblo que marcha con tanta energ\u00eda, con tanto vigor, diciendo consignas, portando nuestra ense\u00f1a nacional, nuestros s\u00edmbolos patrios, la identificaci\u00f3n y los s\u00edmbolos de cada colectivo laboral; eso es expresi\u00f3n de la unidad que hemos logrado en el pueblo cubano y que se ha construido a lo largo de la historia\u00bb.<\/em><\/p>\n<p class=\"ds-markdown-paragraph\">Y el desfile dio vivas a Fidel en el a\u00f1o del centenario de su natalicio y trajo de vuelta al concepto de Revoluci\u00f3n enarbolado por el Comandante en Jefe un d\u00eda similar hace m\u00e1s de dos d\u00e9cadas. No son buenos los tiempos; quienes desfilaron aqu\u00ed y en toda Cuba dejaron atr\u00e1s las marcas de su \u00e9pica y resistencia cotidianas desde donde defienden la unidad y la tranquilidad familiar a costa del sacrificio, pero hicieron un acto en el camino para defender su Patria Grande en las calles y las casas.<\/p>\n<p><img decoding=\"async\" class=\"alignnone size-medium wp-image-68834\" src=\"https:\/\/www.radiosanctispiritus.cu\/es\/wp-content\/uploads\/Desfile-Plaza-q10-600x466.jpg\" alt=\"\" width=\"600\" height=\"466\" srcset=\"https:\/\/www.radiosanctispiritus.cu\/es\/wp-content\/uploads\/Desfile-Plaza-q10-600x466.jpg 600w, https:\/\/www.radiosanctispiritus.cu\/es\/wp-content\/uploads\/Desfile-Plaza-q10-1024x795.jpg 1024w, https:\/\/www.radiosanctispiritus.cu\/es\/wp-content\/uploads\/Desfile-Plaza-q10-768x596.jpg 768w, https:\/\/www.radiosanctispiritus.cu\/es\/wp-content\/uploads\/Desfile-Plaza-q10-1536x1192.jpg 1536w, https:\/\/www.radiosanctispiritus.cu\/es\/wp-content\/uploads\/Desfile-Plaza-q10-2048x1590.jpg 2048w\" sizes=\"(max-width: 600px) 100vw, 600px\" \/><\/p>\n<p class=\"ds-markdown-paragraph\"><em>\u00abEs un pueblo que tambi\u00e9n todos los d\u00edas sufre el impacto del apag\u00f3n, es el pueblo que sufre el impacto de las carencias, es el pueblo que sufre el impacto de la falta de transporte, de medicamento y de miles de limitaciones que hoy enfrentamos; pero es el pueblo que todos los d\u00edas construye su resistencia, es el pueblo que le busca soluciones todos los d\u00edas, es el pueblo que no se desune, no es el pueblo que se desmoviliza, y es el pueblo que entiende cu\u00e1les son los or\u00edgenes de todos estos problemas. Es el pueblo que est\u00e1 dispuesto a seguir defendiendo la Revoluci\u00f3n. Todo un pueblo que sigue vestido de verde olivo con entusiasmo, con alegr\u00eda, y ratificando que la Patria se defiende, y que se defiende desde Sancti Sp\u00edritus porque el Sancti Sp\u00edritus no detiene a la marcha\u00bb.<\/em><\/p>\n<p class=\"ds-markdown-paragraph\">Una firma may\u00fascula se estamp\u00f3 en medio de la plaza Seraf\u00edn S\u00e1nchez Valdivia este primero de mayo.\u00a0Quienes esperaban el rugido de bombas y misiles se debieron contentar con un c\u00e1ntico a la paz para defender el bullicio, la esperanza y la alegr\u00eda que inund\u00f3 a Sancti Sp\u00edritus y a todos los confines del pa\u00eds este primer d\u00eda de mayo.<\/p>\n<p><iframe src=\"https:\/\/www.ivoox.com\/player_ej_172948899_6_1.html?c1=941618\" width=\"100%\" height=\"200\" frameborder=\"0\" scrolling=\"no\" allowfullscreen=\"allowfullscreen\"><\/iframe><\/p>\n","protected":false},"excerpt":{"rendered":"<p>Una firma may\u00fascula de miles de espirituanos se estamp\u00f3 en medio de la plaza de la Revoluci\u00f3n Seraf\u00edn S\u00e1nchez Valdivia en este primer d\u00eda de mayo. El recinto tambi\u00e9n se inund\u00f3 de fusiles simb\u00f3licos. Eran las armas de quienes fueron a defender su patria con la p\u00f3lvora del compromiso y el deber, convocados por ese halo de resistencia y dignidad que llama a los cubanos cada a\u00f1o en la primera jornada de mayo.<\/p>\n","protected":false},"author":14,"featured_media":68834,"comment_status":"open","ping_status":"open","sticky":false,"template":"","format":"standard","meta":{"_acf_changed":false,"footnotes":""},"categories":[8,3,9,1],"tags":[35,48,2242,420,183,2347,1616,749,253],"coauthors":[1915],"class_list":["post-68926","post","type-post","status-publish","format-standard","has-post-thumbnail","hentry","category-noticia","category-cuba","category-en-audio","category-sancti-spiritus","tag-apagones","tag-bloqueo-contra-cuba","tag-centenario-del-comandante-en-jefe","tag-cuba-bloqueo","tag-fidel-castro","tag-firma","tag-paz","tag-primero-de-mayo","tag-revolucion"],"acf":[],"_links":{"self":[{"href":"https:\/\/www.radiosanctispiritus.cu\/es\/wp-json\/wp\/v2\/posts\/68926","targetHints":{"allow":["GET"]}}],"collection":[{"href":"https:\/\/www.radiosanctispiritus.cu\/es\/wp-json\/wp\/v2\/posts"}],"about":[{"href":"https:\/\/www.radiosanctispiritus.cu\/es\/wp-json\/wp\/v2\/types\/post"}],"author":[{"embeddable":true,"href":"https:\/\/www.radiosanctispiritus.cu\/es\/wp-json\/wp\/v2\/users\/14"}],"replies":[{"embeddable":true,"href":"https:\/\/www.radiosanctispiritus.cu\/es\/wp-json\/wp\/v2\/comments?post=68926"}],"version-history":[{"count":5,"href":"https:\/\/www.radiosanctispiritus.cu\/es\/wp-json\/wp\/v2\/posts\/68926\/revisions"}],"predecessor-version":[{"id":68947,"href":"https:\/\/www.radiosanctispiritus.cu\/es\/wp-json\/wp\/v2\/posts\/68926\/revisions\/68947"}],"wp:featuredmedia":[{"embeddable":true,"href":"https:\/\/www.radiosanctispiritus.cu\/es\/wp-json\/wp\/v2\/media\/68834"}],"wp:attachment":[{"href":"https:\/\/www.radiosanctispiritus.cu\/es\/wp-json\/wp\/v2\/media?parent=68926"}],"wp:term":[{"taxonomy":"category","embeddable":true,"href":"https:\/\/www.radiosanctispiritus.cu\/es\/wp-json\/wp\/v2\/categories?post=68926"},{"taxonomy":"post_tag","embeddable":true,"href":"https:\/\/www.radiosanctispiritus.cu\/es\/wp-json\/wp\/v2\/tags?post=68926"},{"taxonomy":"author","embeddable":true,"href":"https:\/\/www.radiosanctispiritus.cu\/es\/wp-json\/wp\/v2\/coauthors?post=68926"}],"curies":[{"name":"wp","href":"https:\/\/api.w.org\/{rel}","templated":true}]}}