{"id":68920,"date":"2026-05-02T05:25:45","date_gmt":"2026-05-02T09:25:45","guid":{"rendered":"https:\/\/www.radiosanctispiritus.cu\/es\/?p=68920"},"modified":"2026-05-01T20:53:55","modified_gmt":"2026-05-02T00:53:55","slug":"declaracion-del-canciller-cubano-sobre-nuevas-medidas-de-ee-uu","status":"publish","type":"post","link":"https:\/\/www.radiosanctispiritus.cu\/es\/declaracion-del-canciller-cubano-sobre-nuevas-medidas-de-ee-uu\/","title":{"rendered":"Declaraci\u00f3n del Canciller cubano sobre nuevas medidas de EE. UU. (+Post)"},"content":{"rendered":"<p>El ministro de Relaciones Exteriores de Cuba, Bruno Rodr\u00edguez Parrilla, rechaz\u00f3 en\u00e9rgicamente las recientes medidas coercitivas unilaterales adoptadas por el gobierno de Estados Unidos contra su pa\u00eds, al considerar que demuestran la voluntad de infligir, una vez m\u00e1s, un castigo colectivo al pueblo cubano.<\/p>\n<p>En una declaraci\u00f3n difundida a trav\u00e9s del sitio del Ministerio de Relaciones Exteriores (Minrex), el Canciller se\u00f1al\u00f3 que no es casualidad que estas medidas fueran anunciadas el 1 de mayo, el mismo d\u00eda en que millones de cubanos toman las calles para denunciar el bloqueo de EE. UU. y el asedio energ\u00e9tico.<\/p>\n<div class=\"md:prose-p:first:mt-0 prose-figcaption:mb-4 prose-p:text-lg prose-p:text-gray-900 prose-p:dark:text-slate-400 prose-a:text-lg prose-a:text-red-600 prose-a:font-lato prose-a:no-underline prose-a:hover:underline\">\n<p>Rodr\u00edguez Parrilla consider\u00f3 que estas medidas son extraterritoriales y violan la Carta de las Naciones Unidas; Estados Unidos no tiene derecho a imponer acciones contra Cuba, ni contra ning\u00fan tercer pa\u00eds o entidad, advirti\u00f3.<\/p>\n<p>Por su importancia, reproducimos de manera \u00edntegra, la declaraci\u00f3n del titular del Minrex.<\/p>\n<p><strong>Declaraci\u00f3n del Ministro de Relaciones Exteriores de Cuba a trav\u00e9s de su cuenta en X<\/strong><\/p>\n<blockquote class=\"twitter-tweet\">\n<p dir=\"ltr\" lang=\"en\">We firmly reject the recent unilateral coercive measures adopted by the <a href=\"https:\/\/twitter.com\/hashtag\/UnitedStates?src=hash&amp;ref_src=twsrc%5Etfw\" target=\"_blank\" rel=\"noopener noreferrer nofollow\">#UnitedStates<\/a> government. These actions demonstrate an intention to impose, once again, collective punishment on the Cuban people.<\/p>\n<p>It is no coincidence that these measures were announced on May 1, the very\u2026 <a href=\"https:\/\/t.co\/7iaaJ0GXLM\" target=\"_blank\" rel=\"noopener noreferrer nofollow\">pic.twitter.com\/7iaaJ0GXLM<\/a><\/p>\n<p>\u2014 Bruno Rodr\u00edguez P (@BrunoRguezP) <a href=\"https:\/\/twitter.com\/BrunoRguezP\/status\/2050290353689833592?ref_src=twsrc%5Etfw\" target=\"_blank\" rel=\"noopener noreferrer nofollow\">May 1, 2026<\/a><\/p><\/blockquote>\n<p><script async src=\"https:\/\/platform.twitter.com\/widgets.js\" charset=\"utf-8\"><\/script><\/p>\n<blockquote><p><em>Rechazamos en\u00e9rgicamente las recientes medidas coercitivas unilaterales adoptadas por el gobierno de los Estados Unidos. Estas acciones demuestran la voluntad de infligir, una vez m\u00e1s, un castigo colectivo al pueblo cubano.<\/em><\/p>\n<p><em>No es casualidad que estas medidas fueran anunciadas el 1 de mayo, el mismo d\u00eda en que millones de cubanos toman las calles para denunciar el bloqueo de EEUU y el asedio energ\u00e9tico.<\/em><\/p>\n<p><em>Mientras el gobierno estadounidense reprime a su propia poblaci\u00f3n en las calles, busca castigar a la nuestra, que heroicamente resiste los ataques del imperialismo estadounidense.<\/em><\/p>\n<p><em>Estas medidas son extraterritoriales y violan la Carta de las Naciones Unidas. Estados Unidos no tiene derecho a imponer acciones contra Cuba, ni contra ning\u00fan tercer pa\u00eds o entidad.<\/em><\/p><\/blockquote>\n<\/div>\n","protected":false},"excerpt":{"rendered":"<p>El ministro de Relaciones Exteriores de Cuba, Bruno Rodr\u00edguez Parrilla, rechaz\u00f3 en\u00e9rgicamente las recientes medidas coercitivas unilaterales adoptadas por el gobierno de Estados Unidos contra su pa\u00eds, al considerar que demuestran la voluntad de infligir, una vez m\u00e1s, un castigo colectivo al pueblo cubano. En una declaraci\u00f3n difundida a trav\u00e9s del sitio del Ministerio de [&hellip;]<\/p>\n","protected":false},"author":123,"featured_media":68921,"comment_status":"open","ping_status":"open","sticky":false,"template":"","format":"standard","meta":{"_acf_changed":false,"footnotes":""},"categories":[8,3],"tags":[48,98],"coauthors":[1895],"class_list":["post-68920","post","type-post","status-publish","format-standard","has-post-thumbnail","hentry","category-noticia","category-cuba","tag-bloqueo-contra-cuba","tag-cuba-ee-uu"],"acf":[],"_links":{"self":[{"href":"https:\/\/www.radiosanctispiritus.cu\/es\/wp-json\/wp\/v2\/posts\/68920","targetHints":{"allow":["GET"]}}],"collection":[{"href":"https:\/\/www.radiosanctispiritus.cu\/es\/wp-json\/wp\/v2\/posts"}],"about":[{"href":"https:\/\/www.radiosanctispiritus.cu\/es\/wp-json\/wp\/v2\/types\/post"}],"author":[{"embeddable":true,"href":"https:\/\/www.radiosanctispiritus.cu\/es\/wp-json\/wp\/v2\/users\/123"}],"replies":[{"embeddable":true,"href":"https:\/\/www.radiosanctispiritus.cu\/es\/wp-json\/wp\/v2\/comments?post=68920"}],"version-history":[{"count":4,"href":"https:\/\/www.radiosanctispiritus.cu\/es\/wp-json\/wp\/v2\/posts\/68920\/revisions"}],"predecessor-version":[{"id":68925,"href":"https:\/\/www.radiosanctispiritus.cu\/es\/wp-json\/wp\/v2\/posts\/68920\/revisions\/68925"}],"wp:featuredmedia":[{"embeddable":true,"href":"https:\/\/www.radiosanctispiritus.cu\/es\/wp-json\/wp\/v2\/media\/68921"}],"wp:attachment":[{"href":"https:\/\/www.radiosanctispiritus.cu\/es\/wp-json\/wp\/v2\/media?parent=68920"}],"wp:term":[{"taxonomy":"category","embeddable":true,"href":"https:\/\/www.radiosanctispiritus.cu\/es\/wp-json\/wp\/v2\/categories?post=68920"},{"taxonomy":"post_tag","embeddable":true,"href":"https:\/\/www.radiosanctispiritus.cu\/es\/wp-json\/wp\/v2\/tags?post=68920"},{"taxonomy":"author","embeddable":true,"href":"https:\/\/www.radiosanctispiritus.cu\/es\/wp-json\/wp\/v2\/coauthors?post=68920"}],"curies":[{"name":"wp","href":"https:\/\/api.w.org\/{rel}","templated":true}]}}