{"id":68917,"date":"2026-05-01T17:36:03","date_gmt":"2026-05-01T21:36:03","guid":{"rendered":"https:\/\/www.radiosanctispiritus.cu\/es\/?p=68917"},"modified":"2026-05-01T17:36:03","modified_gmt":"2026-05-01T21:36:03","slug":"trump-firma-nueva-orden-ejecutiva-para-ampliar-medidas-coercitivas-contra-cuba","status":"publish","type":"post","link":"https:\/\/www.radiosanctispiritus.cu\/es\/trump-firma-nueva-orden-ejecutiva-para-ampliar-medidas-coercitivas-contra-cuba\/","title":{"rendered":"Trump firma nueva orden ejecutiva para ampliar medidas coercitivas contra Cuba"},"content":{"rendered":"<p><strong>El presidente \u2060de Estados Unidos, Donald Trump, firm\u00f3 este viernes una nueva orden ejecutiva para imponer nuevas medidas coercitivas ilegales contra Cuba<\/strong>.<\/p>\n<p>Las nuevas medidas unilaterales y abusivas est\u00e1n <strong>destinadas a aumentar la presi\u00f3n sobre la isla en medio del mayor recrudecimiento del bloqueo econ\u00f3mico, comercial y financiero, y del cerco energ\u00e9tico decretado a finales de enero<\/strong>. Las \u201csanciones\u201d se dirigen espec\u00edficamente a los bancos extranjeros que cooperan con el gobierno cubano e imponen m\u00e1s restricciones migratorias.<\/p>\n<p>Se\u00f1alan que <strong>Estados Unidos bloquear\u00e1, entre otras personas, a quienes operen o hayan operado en los sectores de energ\u00eda, miner\u00eda, defensa o seguridad de Cuba o hayan brindado apoyo material, financiero o tecnol\u00f3gico al Gobierno de Cuba o a otros individuos sancionados<\/strong>.<\/p>\n<p>Las medidas de Trump igualmente implican que el Departamento del Tesoro, en coordinaci\u00f3n con el Departamento de Estado, pueda prohibir la apertura de cuentas bancarias, imponer restricciones o congelar propiedades e intereses.<\/p>\n<p><strong>El decreto no menciona a ninguna persona en espec\u00edfico<\/strong>.<\/p>\n<p>Nuevamente, Donald Trump basa las nuevas medidas anunciadas este viernes en la ret\u00f3rica de que Cuba representa un riesgo para la seguridad nacional de Estados Unidos porque supuestamente apoya a grupos que su gobierno considera terroristas.<\/p>\n<p><strong>(Con informaci\u00f3n de Reuters)<\/strong><\/p>\n","protected":false},"excerpt":{"rendered":"<p>El presidente \u2060de Estados Unidos, Donald Trump, firm\u00f3 este viernes una nueva orden ejecutiva para imponer nuevas medidas coercitivas ilegales contra Cuba.<\/p>\n","protected":false},"author":26,"featured_media":68918,"comment_status":"open","ping_status":"open","sticky":false,"template":"","format":"standard","meta":{"_acf_changed":false,"footnotes":""},"categories":[8,4],"tags":[],"coauthors":[1887],"class_list":["post-68917","post","type-post","status-publish","format-standard","has-post-thumbnail","hentry","category-noticia","category-internacionales"],"acf":[],"_links":{"self":[{"href":"https:\/\/www.radiosanctispiritus.cu\/es\/wp-json\/wp\/v2\/posts\/68917","targetHints":{"allow":["GET"]}}],"collection":[{"href":"https:\/\/www.radiosanctispiritus.cu\/es\/wp-json\/wp\/v2\/posts"}],"about":[{"href":"https:\/\/www.radiosanctispiritus.cu\/es\/wp-json\/wp\/v2\/types\/post"}],"author":[{"embeddable":true,"href":"https:\/\/www.radiosanctispiritus.cu\/es\/wp-json\/wp\/v2\/users\/26"}],"replies":[{"embeddable":true,"href":"https:\/\/www.radiosanctispiritus.cu\/es\/wp-json\/wp\/v2\/comments?post=68917"}],"version-history":[{"count":1,"href":"https:\/\/www.radiosanctispiritus.cu\/es\/wp-json\/wp\/v2\/posts\/68917\/revisions"}],"predecessor-version":[{"id":68919,"href":"https:\/\/www.radiosanctispiritus.cu\/es\/wp-json\/wp\/v2\/posts\/68917\/revisions\/68919"}],"wp:featuredmedia":[{"embeddable":true,"href":"https:\/\/www.radiosanctispiritus.cu\/es\/wp-json\/wp\/v2\/media\/68918"}],"wp:attachment":[{"href":"https:\/\/www.radiosanctispiritus.cu\/es\/wp-json\/wp\/v2\/media?parent=68917"}],"wp:term":[{"taxonomy":"category","embeddable":true,"href":"https:\/\/www.radiosanctispiritus.cu\/es\/wp-json\/wp\/v2\/categories?post=68917"},{"taxonomy":"post_tag","embeddable":true,"href":"https:\/\/www.radiosanctispiritus.cu\/es\/wp-json\/wp\/v2\/tags?post=68917"},{"taxonomy":"author","embeddable":true,"href":"https:\/\/www.radiosanctispiritus.cu\/es\/wp-json\/wp\/v2\/coauthors?post=68917"}],"curies":[{"name":"wp","href":"https:\/\/api.w.org\/{rel}","templated":true}]}}