{"id":68906,"date":"2026-05-01T18:20:09","date_gmt":"2026-05-01T22:20:09","guid":{"rendered":"https:\/\/www.radiosanctispiritus.cu\/es\/?p=68906"},"modified":"2026-05-01T15:50:56","modified_gmt":"2026-05-01T19:50:56","slug":"espirituanos-demostraron-que-la-fuerza-de-sus-obreros-es-tambien-la-de-la-nacion","status":"publish","type":"post","link":"https:\/\/www.radiosanctispiritus.cu\/es\/espirituanos-demostraron-que-la-fuerza-de-sus-obreros-es-tambien-la-de-la-nacion\/","title":{"rendered":"Espirituanos demostraron que la fuerza de sus obreros es tambi\u00e9n la de la naci\u00f3n"},"content":{"rendered":"<p>En la ciudad espirituana se vivi\u00f3 este Primero de mayo con la fuerza de su pueblo en las calles, reafirmando la unidad y el compromiso con la patria.<\/p>\n<p>Desde las primeras horas del amanecer, las personas se concentraron en varios puntos con el entusiasmo que distingue a los espirituanos.<\/p>\n<p>Al concluir el desfile y en vivo desde la Plaza de la Revoluci\u00f3n Seraf\u00edn S\u00e1nchez Valdivia, trabajadores expresaron sus emociones y compromiso con la patria.<\/p>\n<p>siguiendo la marcha como Seraf\u00edn y haciendo historia.<\/p>\n<p>\u201c Haciendo historia porque este, primero, mayo tiene una significaci\u00f3n muy importante, sobre todo porque estamos defendiendo nuestra patria, desde nuestra trinchera, de la educaci\u00f3n, de las ideas, pero tambi\u00e9n defendiendo toda la pol\u00edtica desde el punto de vista de soberan\u00eda, de independencia, que hoy nosotros todos los pueblos defendemos, a partir de toda la posici\u00f3n hostil del gobierno norteamericano\u201d.<\/p>\n<p>\u201c Es un d\u00eda m\u00e1s de reafirmaci\u00f3n revolucionaria, apoyo al pueblo cubano, de reafirmar nuestros principios, nuestras ideas, una marcha gigantesca \u201c.<br \/>\n\u201cCon el orgullo de ser cubano, de representar a mi pa\u00eds en la marcha por el D\u00eda Internacional de los Trabajadores \u00a0para demostrar una vez m\u00e1s que s\u00ed se puede decir Si por Cuba y s\u00ed lucharemos siempre por nuestra libertad\u201d.<\/p>\n<p>La tierra del Yayabo despidi\u00f3 su desfile del primero de mayo bajo el lema central La Patria se Defiende, una jornada cargada de sentimientos patrios que confirm\u00f3 que la fuerza de los trabajadores es tambi\u00e9n la fuerza de una naci\u00f3n.<\/p>\n<p><iframe src=\"https:\/\/www.ivoox.com\/player_ej_172945969_6_1.html?c1=7a0d0b\" width=\"100%\" height=\"200\" frameborder=\"0\" scrolling=\"no\" allowfullscreen=\"allowfullscreen\"><\/iframe><\/p>\n","protected":false},"excerpt":{"rendered":"<p>En la ciudad espirituana se vivi\u00f3 este Primero de mayo con la fuerza de su pueblo en las calles, reafirmando la unidad y el compromiso con la patria. Desde las primeras horas del amanecer, las personas se concentraron en varios puntos con el entusiasmo que distingue a los espirituanos. Al concluir el desfile y en [&hellip;]<\/p>\n","protected":false},"author":166,"featured_media":68872,"comment_status":"open","ping_status":"open","sticky":false,"template":"","format":"standard","meta":{"_acf_changed":false,"footnotes":""},"categories":[9,1],"tags":[],"coauthors":[1901],"class_list":["post-68906","post","type-post","status-publish","format-standard","has-post-thumbnail","hentry","category-en-audio","category-sancti-spiritus"],"acf":[],"_links":{"self":[{"href":"https:\/\/www.radiosanctispiritus.cu\/es\/wp-json\/wp\/v2\/posts\/68906","targetHints":{"allow":["GET"]}}],"collection":[{"href":"https:\/\/www.radiosanctispiritus.cu\/es\/wp-json\/wp\/v2\/posts"}],"about":[{"href":"https:\/\/www.radiosanctispiritus.cu\/es\/wp-json\/wp\/v2\/types\/post"}],"author":[{"embeddable":true,"href":"https:\/\/www.radiosanctispiritus.cu\/es\/wp-json\/wp\/v2\/users\/166"}],"replies":[{"embeddable":true,"href":"https:\/\/www.radiosanctispiritus.cu\/es\/wp-json\/wp\/v2\/comments?post=68906"}],"version-history":[{"count":3,"href":"https:\/\/www.radiosanctispiritus.cu\/es\/wp-json\/wp\/v2\/posts\/68906\/revisions"}],"predecessor-version":[{"id":68915,"href":"https:\/\/www.radiosanctispiritus.cu\/es\/wp-json\/wp\/v2\/posts\/68906\/revisions\/68915"}],"wp:featuredmedia":[{"embeddable":true,"href":"https:\/\/www.radiosanctispiritus.cu\/es\/wp-json\/wp\/v2\/media\/68872"}],"wp:attachment":[{"href":"https:\/\/www.radiosanctispiritus.cu\/es\/wp-json\/wp\/v2\/media?parent=68906"}],"wp:term":[{"taxonomy":"category","embeddable":true,"href":"https:\/\/www.radiosanctispiritus.cu\/es\/wp-json\/wp\/v2\/categories?post=68906"},{"taxonomy":"post_tag","embeddable":true,"href":"https:\/\/www.radiosanctispiritus.cu\/es\/wp-json\/wp\/v2\/tags?post=68906"},{"taxonomy":"author","embeddable":true,"href":"https:\/\/www.radiosanctispiritus.cu\/es\/wp-json\/wp\/v2\/coauthors?post=68906"}],"curies":[{"name":"wp","href":"https:\/\/api.w.org\/{rel}","templated":true}]}}