{"id":68902,"date":"2026-05-01T18:15:04","date_gmt":"2026-05-01T22:15:04","guid":{"rendered":"https:\/\/www.radiosanctispiritus.cu\/es\/?p=68902"},"modified":"2026-05-01T15:54:30","modified_gmt":"2026-05-01T19:54:30","slug":"trabajadores-de-yaguajay-tambien-desfilaron","status":"publish","type":"post","link":"https:\/\/www.radiosanctispiritus.cu\/es\/trabajadores-de-yaguajay-tambien-desfilaron\/","title":{"rendered":"Trabajadores de Yaguajay tambi\u00e9n desfilaron"},"content":{"rendered":"<p>Portando mayoritariamente los colores de nuestra bandera de la estrella solitaria, los trabajadores de Yaguajay desfilaron este primero de mayo.<\/p>\n<p>Luego de la locuci\u00f3n del secretario general de la CTC aqu\u00ed, Ariel Betancourt Padr\u00f3n, comenz\u00f3 el acostumbrado recorrido por arterias principales del poblado y abriendo este, la banda municipal de conciertos Jos\u00e9 Torres, con 100 a\u00f1os de prestigio para nuecstra cultura.<\/p>\n<p>En representaci\u00f3n de los m\u00e1s de 9.000 trabajadores de todo el municipio, adem\u00e1s de la presidencia, encabezaron la marcha los combatientes de la revoluci\u00f3n y la Empresa Flora y Fauna Santi Spiritus.<\/p>\n<p>Con banderas gigantes y otras iniciativas, los integrantes de los diferentes gremios llegaron a este periplo, varios de ellos con logros relevantes, como la Empresa de producciones varias ocho a\u00f1os Vanguardia Nacional, y la ONAT, la Oficina Nacional de Administraci\u00f3n Tributaria, colectivo distinguido.<\/p>\n<p>Adem\u00e1s de lo nutrido de la educaci\u00f3n, la ciencia y el deporte, al desfile de Yaguajay le pusieron ritmo y colorido la cultura con la conga iguarense y los agropecuarios, muchos de estos \u00faltimos, como siempre, convertidos en jinetes, escogidos para un bello cierre de la actividad proletaria.<\/p>\n<p><iframe src=\"https:\/\/www.ivoox.com\/player_ej_172943577_6_1.html?c1=7a0d0b\" width=\"100%\" height=\"200\" frameborder=\"0\" scrolling=\"no\" allowfullscreen=\"allowfullscreen\"><\/iframe><\/p>\n","protected":false},"excerpt":{"rendered":"<p>Portando mayoritariamente los colores de nuestra bandera de la estrella solitaria, los trabajadores de Yaguajay desfilaron este primero de mayo. Luego de la locuci\u00f3n del secretario general de la CTC aqu\u00ed, Ariel Betancourt Padr\u00f3n, comenz\u00f3 el acostumbrado recorrido por arterias principales del poblado y abriendo este, la banda municipal de conciertos Jos\u00e9 Torres, con 100 [&hellip;]<\/p>\n","protected":false},"author":165,"featured_media":68911,"comment_status":"open","ping_status":"open","sticky":false,"template":"","format":"standard","meta":{"_acf_changed":false,"footnotes":""},"categories":[9],"tags":[],"coauthors":[1881],"class_list":["post-68902","post","type-post","status-publish","format-standard","has-post-thumbnail","hentry","category-en-audio"],"acf":[],"_links":{"self":[{"href":"https:\/\/www.radiosanctispiritus.cu\/es\/wp-json\/wp\/v2\/posts\/68902","targetHints":{"allow":["GET"]}}],"collection":[{"href":"https:\/\/www.radiosanctispiritus.cu\/es\/wp-json\/wp\/v2\/posts"}],"about":[{"href":"https:\/\/www.radiosanctispiritus.cu\/es\/wp-json\/wp\/v2\/types\/post"}],"author":[{"embeddable":true,"href":"https:\/\/www.radiosanctispiritus.cu\/es\/wp-json\/wp\/v2\/users\/165"}],"replies":[{"embeddable":true,"href":"https:\/\/www.radiosanctispiritus.cu\/es\/wp-json\/wp\/v2\/comments?post=68902"}],"version-history":[{"count":2,"href":"https:\/\/www.radiosanctispiritus.cu\/es\/wp-json\/wp\/v2\/posts\/68902\/revisions"}],"predecessor-version":[{"id":68916,"href":"https:\/\/www.radiosanctispiritus.cu\/es\/wp-json\/wp\/v2\/posts\/68902\/revisions\/68916"}],"wp:featuredmedia":[{"embeddable":true,"href":"https:\/\/www.radiosanctispiritus.cu\/es\/wp-json\/wp\/v2\/media\/68911"}],"wp:attachment":[{"href":"https:\/\/www.radiosanctispiritus.cu\/es\/wp-json\/wp\/v2\/media?parent=68902"}],"wp:term":[{"taxonomy":"category","embeddable":true,"href":"https:\/\/www.radiosanctispiritus.cu\/es\/wp-json\/wp\/v2\/categories?post=68902"},{"taxonomy":"post_tag","embeddable":true,"href":"https:\/\/www.radiosanctispiritus.cu\/es\/wp-json\/wp\/v2\/tags?post=68902"},{"taxonomy":"author","embeddable":true,"href":"https:\/\/www.radiosanctispiritus.cu\/es\/wp-json\/wp\/v2\/coauthors?post=68902"}],"curies":[{"name":"wp","href":"https:\/\/api.w.org\/{rel}","templated":true}]}}