{"id":68901,"date":"2026-05-01T18:05:02","date_gmt":"2026-05-01T22:05:02","guid":{"rendered":"https:\/\/www.radiosanctispiritus.cu\/es\/?p=68901"},"modified":"2026-05-01T15:31:41","modified_gmt":"2026-05-01T19:31:41","slug":"central-obrera-entrego-canastilla-al-primer-nacido-en-sancti-spiritus-este-primero-de-mayo","status":"publish","type":"post","link":"https:\/\/www.radiosanctispiritus.cu\/es\/central-obrera-entrego-canastilla-al-primer-nacido-en-sancti-spiritus-este-primero-de-mayo\/","title":{"rendered":"Central obrera entreg\u00f3 canastilla al primer nacido en Sancti Sp\u00edritus este Primero de Mayo"},"content":{"rendered":"<p>La Central Obrera en Sancti Sp\u00edritus \u00a0entreg\u00f3 una canastilla al primer reci\u00e9n nacido en la jornada de este viernes en la ciudad cabecera como parte de las iniciativas vinculadas a la conmemoraci\u00f3n del D\u00eda Internacional de los Trabajadores.<\/p>\n<p>Ekaterina Gowen Dickinson, secretaria de la Central \u00a0Obrera en la provincia espirituana dijo : \u201cEstamos ac\u00e1 entregando una canastilla al primer ni\u00f1o que naci\u00f3 este primero de mayo. Tenemos que reconocer el aporte de todos los trabajadores que tambi\u00e9n se sumaron a la recopilaci\u00f3n\u201d.<\/p>\n<p>\u201cHicimos cuatro canastillas, una central para el primer ni\u00f1o, pero hicimos tambi\u00e9n tres canastillas para personas vulnerables .Felicitamos a todos los trabajadores de la provincia de Sancti Spiritus porque desde otros municipios tambi\u00e9n hicieron aportes\u201d.<\/p>\n<p>\u201cPor este noble gesto, creo que en estos momentos, en estas condiciones, todo el aporte que le podamos dar, lo mismo a la salud, que a los hogares de ancianos, que a las personas de verdad con situaci\u00f3n de vulnerabilidad, es meritorio\u201d.<\/p>\n<p>Los homenajeados fueron Melisa Valero Guerra, de 22 a\u00f1os, natural del municipio de Sancti Spiritus, y su beb\u00e9, un var\u00f3n que naci\u00f3 alrededor de las 7 de la ma\u00f1ana con un peso de 3.300 gramos.<\/p>\n<p>La propuesta surgi\u00f3 mediante convocatoria a todos los sindicatos de la provincia de Sancti Spiritus, cuyos afiliados aportaron art\u00edculos destinados al cuidado infantil. El conjunto incluy\u00f3 prendas, \u00fatiles b\u00e1sicos y otros recursos necesarios para la atenci\u00f3n al neonato, excepto el coche. La donaci\u00f3n se formaliz\u00f3 en el Hospital Provincial Camilo Cienfuegos, tras confirmarse el nacimiento que cumpli\u00f3 con la condici\u00f3n establecida.<\/p>\n<p>De manera adicional se distribuyeron otros m\u00f3dulos con insumos diferenciados para varios infantes nacidos en la misma jornada.<br \/>\n<iframe src=\"https:\/\/www.ivoox.com\/player_ej_172943562_6_1.html?c1=7a0d0b\" width=\"100%\" height=\"200\" frameborder=\"0\" scrolling=\"no\" allowfullscreen=\"allowfullscreen\"><\/iframe><\/p>\n","protected":false},"excerpt":{"rendered":"<p>La Central Obrera en Sancti Sp\u00edritus \u00a0entreg\u00f3 una canastilla al primer reci\u00e9n nacido en la jornada de este viernes en la ciudad cabecera como parte de las iniciativas vinculadas a la conmemoraci\u00f3n del D\u00eda Internacional de los Trabajadores. Ekaterina Gowen Dickinson, secretaria de la Central \u00a0Obrera en la provincia espirituana dijo : \u201cEstamos ac\u00e1 entregando [&hellip;]<\/p>\n","protected":false},"author":18,"featured_media":68913,"comment_status":"open","ping_status":"open","sticky":false,"template":"","format":"standard","meta":{"_acf_changed":false,"footnotes":""},"categories":[1],"tags":[],"coauthors":[1874],"class_list":["post-68901","post","type-post","status-publish","format-standard","has-post-thumbnail","hentry","category-sancti-spiritus"],"acf":[],"_links":{"self":[{"href":"https:\/\/www.radiosanctispiritus.cu\/es\/wp-json\/wp\/v2\/posts\/68901","targetHints":{"allow":["GET"]}}],"collection":[{"href":"https:\/\/www.radiosanctispiritus.cu\/es\/wp-json\/wp\/v2\/posts"}],"about":[{"href":"https:\/\/www.radiosanctispiritus.cu\/es\/wp-json\/wp\/v2\/types\/post"}],"author":[{"embeddable":true,"href":"https:\/\/www.radiosanctispiritus.cu\/es\/wp-json\/wp\/v2\/users\/18"}],"replies":[{"embeddable":true,"href":"https:\/\/www.radiosanctispiritus.cu\/es\/wp-json\/wp\/v2\/comments?post=68901"}],"version-history":[{"count":3,"href":"https:\/\/www.radiosanctispiritus.cu\/es\/wp-json\/wp\/v2\/posts\/68901\/revisions"}],"predecessor-version":[{"id":68910,"href":"https:\/\/www.radiosanctispiritus.cu\/es\/wp-json\/wp\/v2\/posts\/68901\/revisions\/68910"}],"wp:featuredmedia":[{"embeddable":true,"href":"https:\/\/www.radiosanctispiritus.cu\/es\/wp-json\/wp\/v2\/media\/68913"}],"wp:attachment":[{"href":"https:\/\/www.radiosanctispiritus.cu\/es\/wp-json\/wp\/v2\/media?parent=68901"}],"wp:term":[{"taxonomy":"category","embeddable":true,"href":"https:\/\/www.radiosanctispiritus.cu\/es\/wp-json\/wp\/v2\/categories?post=68901"},{"taxonomy":"post_tag","embeddable":true,"href":"https:\/\/www.radiosanctispiritus.cu\/es\/wp-json\/wp\/v2\/tags?post=68901"},{"taxonomy":"author","embeddable":true,"href":"https:\/\/www.radiosanctispiritus.cu\/es\/wp-json\/wp\/v2\/coauthors?post=68901"}],"curies":[{"name":"wp","href":"https:\/\/api.w.org\/{rel}","templated":true}]}}