{"id":68898,"date":"2026-05-01T14:14:14","date_gmt":"2026-05-01T18:14:14","guid":{"rendered":"https:\/\/www.radiosanctispiritus.cu\/es\/?p=68898"},"modified":"2026-05-01T14:14:14","modified_gmt":"2026-05-01T18:14:14","slug":"cabaiguanenses-desfilaron-por-la-paz-y-la-soberania","status":"publish","type":"post","link":"https:\/\/www.radiosanctispiritus.cu\/es\/cabaiguanenses-desfilaron-por-la-paz-y-la-soberania\/","title":{"rendered":"Cabaiguanenses desfilaron por la paz y la soberan\u00eda"},"content":{"rendered":"<div class=\"ds-message _63c77b1\">\n<div class=\"ds-markdown\">\n<p class=\"ds-markdown-paragraph\">El pueblo de Cabaigu\u00e1n demostr\u00f3 una vez m\u00e1s su unidad en torno a la defensa de la obra de la Revoluci\u00f3n y asisti\u00f3 a la plaza en marcha por la paz y la soberan\u00eda de la isla, en cuadro apretado, como las ra\u00edces de los Andes, para confirmar su apoyo a los l\u00edderes hist\u00f3ricos y su continuidad en el a\u00f1o del centenario del Comandante en Jefe.<\/p>\n<p class=\"ds-markdown-paragraph\">La jornada ratific\u00f3 el compromiso de los cabaiguanenses con la Revoluci\u00f3n y su disposici\u00f3n a defender la soberan\u00eda nacional, en un contexto de desaf\u00edos y continuidad revolucionaria, reafirmando que la unidad del pueblo es la principal fortaleza de la naci\u00f3n.<\/p>\n<p><iframe src=\"https:\/\/www.ivoox.com\/player_ej_172936298_6_1.html?c1=7a0d0b\" width=\"100%\" height=\"200\" frameborder=\"0\" scrolling=\"no\" allowfullscreen=\"allowfullscreen\"><\/iframe><\/p>\n<\/div>\n<\/div>\n","protected":false},"excerpt":{"rendered":"<p>El pueblo de Cabaigu\u00e1n demostr\u00f3 una vez m\u00e1s su unidad en torno a la defensa de la obra de la Revoluci\u00f3n y asisti\u00f3 a la plaza en marcha por la paz y la soberan\u00eda de la isla.<\/p>\n","protected":false},"author":135,"featured_media":68899,"comment_status":"open","ping_status":"open","sticky":false,"template":"","format":"standard","meta":{"_acf_changed":false,"footnotes":""},"categories":[8,9],"tags":[],"coauthors":[1863],"class_list":["post-68898","post","type-post","status-publish","format-standard","has-post-thumbnail","hentry","category-noticia","category-en-audio"],"acf":[],"_links":{"self":[{"href":"https:\/\/www.radiosanctispiritus.cu\/es\/wp-json\/wp\/v2\/posts\/68898","targetHints":{"allow":["GET"]}}],"collection":[{"href":"https:\/\/www.radiosanctispiritus.cu\/es\/wp-json\/wp\/v2\/posts"}],"about":[{"href":"https:\/\/www.radiosanctispiritus.cu\/es\/wp-json\/wp\/v2\/types\/post"}],"author":[{"embeddable":true,"href":"https:\/\/www.radiosanctispiritus.cu\/es\/wp-json\/wp\/v2\/users\/135"}],"replies":[{"embeddable":true,"href":"https:\/\/www.radiosanctispiritus.cu\/es\/wp-json\/wp\/v2\/comments?post=68898"}],"version-history":[{"count":1,"href":"https:\/\/www.radiosanctispiritus.cu\/es\/wp-json\/wp\/v2\/posts\/68898\/revisions"}],"predecessor-version":[{"id":68900,"href":"https:\/\/www.radiosanctispiritus.cu\/es\/wp-json\/wp\/v2\/posts\/68898\/revisions\/68900"}],"wp:featuredmedia":[{"embeddable":true,"href":"https:\/\/www.radiosanctispiritus.cu\/es\/wp-json\/wp\/v2\/media\/68899"}],"wp:attachment":[{"href":"https:\/\/www.radiosanctispiritus.cu\/es\/wp-json\/wp\/v2\/media?parent=68898"}],"wp:term":[{"taxonomy":"category","embeddable":true,"href":"https:\/\/www.radiosanctispiritus.cu\/es\/wp-json\/wp\/v2\/categories?post=68898"},{"taxonomy":"post_tag","embeddable":true,"href":"https:\/\/www.radiosanctispiritus.cu\/es\/wp-json\/wp\/v2\/tags?post=68898"},{"taxonomy":"author","embeddable":true,"href":"https:\/\/www.radiosanctispiritus.cu\/es\/wp-json\/wp\/v2\/coauthors?post=68898"}],"curies":[{"name":"wp","href":"https:\/\/api.w.org\/{rel}","templated":true}]}}