{"id":68895,"date":"2026-05-01T14:07:40","date_gmt":"2026-05-01T18:07:40","guid":{"rendered":"https:\/\/www.radiosanctispiritus.cu\/es\/?p=68895"},"modified":"2026-05-01T14:07:40","modified_gmt":"2026-05-01T18:07:40","slug":"fomento-festeja-el-dia-internacional-de-los-trabajadores","status":"publish","type":"post","link":"https:\/\/www.radiosanctispiritus.cu\/es\/fomento-festeja-el-dia-internacional-de-los-trabajadores\/","title":{"rendered":"Fomento festeja el D\u00eda Internacional de los Trabajadores"},"content":{"rendered":"<div class=\"ds-message _63c77b1\">\n<div class=\"ds-markdown\">\n<p class=\"ds-markdown-paragraph\">El D\u00eda Internacional de los Trabajadores, este Primero de Mayo, se celebr\u00f3 en Fomento con variadas actividades bajo el lema \u00abLa Patria se Defiende\u00bb.<\/p>\n<p class=\"ds-markdown-paragraph\">Los festejos se iniciaron con un desfile multicolor protagonizado principalmente por afiliados a los 15 sindicatos con que cuenta el territorio.<\/p>\n<p class=\"ds-markdown-paragraph\">El recorrido estuvo encabezado por los trabajadores de la Educaci\u00f3n y el Deporte, acompa\u00f1ados por las m\u00e1ximas autoridades del Partido.<\/p>\n<p class=\"ds-markdown-paragraph\">La jornada reafirm\u00f3 el compromiso de los fomentenses con la Revoluci\u00f3n y su disposici\u00f3n a defender la soberan\u00eda nacional.<\/p>\n<p class=\"ds-markdown-paragraph\">\n<p><iframe src=\"https:\/\/www.ivoox.com\/player_ej_172936130_6_1.html?c1=7a0d0b\" width=\"100%\" height=\"200\" frameborder=\"0\" scrolling=\"no\" allowfullscreen=\"allowfullscreen\"><\/iframe><\/p>\n<\/div>\n<\/div>\n","protected":false},"excerpt":{"rendered":"<p>El D\u00eda Internacional de los Trabajadores, este Primero de Mayo, se celebr\u00f3 en Fomento con variadas actividades bajo el lema \u00abLa Patria se Defiende\u00bb.<\/p>\n","protected":false},"author":153,"featured_media":68896,"comment_status":"open","ping_status":"open","sticky":false,"template":"","format":"standard","meta":{"_acf_changed":false,"footnotes":""},"categories":[8,9],"tags":[],"coauthors":[1879],"class_list":["post-68895","post","type-post","status-publish","format-standard","has-post-thumbnail","hentry","category-noticia","category-en-audio"],"acf":[],"_links":{"self":[{"href":"https:\/\/www.radiosanctispiritus.cu\/es\/wp-json\/wp\/v2\/posts\/68895","targetHints":{"allow":["GET"]}}],"collection":[{"href":"https:\/\/www.radiosanctispiritus.cu\/es\/wp-json\/wp\/v2\/posts"}],"about":[{"href":"https:\/\/www.radiosanctispiritus.cu\/es\/wp-json\/wp\/v2\/types\/post"}],"author":[{"embeddable":true,"href":"https:\/\/www.radiosanctispiritus.cu\/es\/wp-json\/wp\/v2\/users\/153"}],"replies":[{"embeddable":true,"href":"https:\/\/www.radiosanctispiritus.cu\/es\/wp-json\/wp\/v2\/comments?post=68895"}],"version-history":[{"count":1,"href":"https:\/\/www.radiosanctispiritus.cu\/es\/wp-json\/wp\/v2\/posts\/68895\/revisions"}],"predecessor-version":[{"id":68897,"href":"https:\/\/www.radiosanctispiritus.cu\/es\/wp-json\/wp\/v2\/posts\/68895\/revisions\/68897"}],"wp:featuredmedia":[{"embeddable":true,"href":"https:\/\/www.radiosanctispiritus.cu\/es\/wp-json\/wp\/v2\/media\/68896"}],"wp:attachment":[{"href":"https:\/\/www.radiosanctispiritus.cu\/es\/wp-json\/wp\/v2\/media?parent=68895"}],"wp:term":[{"taxonomy":"category","embeddable":true,"href":"https:\/\/www.radiosanctispiritus.cu\/es\/wp-json\/wp\/v2\/categories?post=68895"},{"taxonomy":"post_tag","embeddable":true,"href":"https:\/\/www.radiosanctispiritus.cu\/es\/wp-json\/wp\/v2\/tags?post=68895"},{"taxonomy":"author","embeddable":true,"href":"https:\/\/www.radiosanctispiritus.cu\/es\/wp-json\/wp\/v2\/coauthors?post=68895"}],"curies":[{"name":"wp","href":"https:\/\/api.w.org\/{rel}","templated":true}]}}