{"id":68891,"date":"2026-05-01T14:00:48","date_gmt":"2026-05-01T18:00:48","guid":{"rendered":"https:\/\/www.radiosanctispiritus.cu\/es\/?p=68891"},"modified":"2026-05-01T14:00:48","modified_gmt":"2026-05-01T18:00:48","slug":"taguasco-demostro-que-continuara-tejiendo-sus-suenos","status":"publish","type":"post","link":"https:\/\/www.radiosanctispiritus.cu\/es\/taguasco-demostro-que-continuara-tejiendo-sus-suenos\/","title":{"rendered":"Taguasco demostr\u00f3 que continuar\u00e1 tejiendo sus sue\u00f1os"},"content":{"rendered":"<p>El sol de \u00e9ste viernes ilumin\u00f3 con fuerza positiva a cientos de trabajadores taguasquenses, para protagonizar un gran desfile en saludo al D\u00eda Internacional de los Trabajadores.<\/p>\n<p>Este acontecimiento fue presidido por autoridades pol\u00edticas, del gobierno y de la central obrera en la provincia y el municipio.<\/p>\n<div id=\"attachment_68892\" style=\"width: 610px\" class=\"wp-caption aligncenter\"><img decoding=\"async\" aria-describedby=\"caption-attachment-68892\" class=\"size-medium wp-image-68892\" src=\"https:\/\/www.radiosanctispiritus.cu\/es\/wp-content\/uploads\/2-60-600x270.jpg\" alt=\"\" width=\"600\" height=\"270\" srcset=\"https:\/\/www.radiosanctispiritus.cu\/es\/wp-content\/uploads\/2-60-600x270.jpg 600w, https:\/\/www.radiosanctispiritus.cu\/es\/wp-content\/uploads\/2-60-1024x461.jpg 1024w, https:\/\/www.radiosanctispiritus.cu\/es\/wp-content\/uploads\/2-60-768x346.jpg 768w, https:\/\/www.radiosanctispiritus.cu\/es\/wp-content\/uploads\/2-60.jpg 1080w\" sizes=\"(max-width: 600px) 100vw, 600px\" \/><p id=\"caption-attachment-68892\" class=\"wp-caption-text\">El gran desfile fue encabezado por los azucareros repletos de haza\u00f1as productivas.<\/p><\/div>\n<p>Hoy se volvi\u00f3 a demostrar que esta tierra es invencible y que pese a las consecuencias del bloqueo imperialista, continuaremos tejiendo nuestros sue\u00f1os, anhelos y decisi\u00f3n de salvar la independencia y sus conquistas.<\/p>\n","protected":false},"excerpt":{"rendered":"<p>El sol de \u00e9ste viernes ilumin\u00f3 con fuerza positiva a cientos de trabajadores taguasquenses, para protagonizar un gran desfile en saludo al D\u00eda Internacional de los Trabajadores.<\/p>\n","protected":false},"author":17,"featured_media":68893,"comment_status":"open","ping_status":"open","sticky":false,"template":"","format":"standard","meta":{"_acf_changed":false,"footnotes":""},"categories":[8,9],"tags":[],"coauthors":[1870],"class_list":["post-68891","post","type-post","status-publish","format-standard","has-post-thumbnail","hentry","category-noticia","category-en-audio"],"acf":[],"_links":{"self":[{"href":"https:\/\/www.radiosanctispiritus.cu\/es\/wp-json\/wp\/v2\/posts\/68891","targetHints":{"allow":["GET"]}}],"collection":[{"href":"https:\/\/www.radiosanctispiritus.cu\/es\/wp-json\/wp\/v2\/posts"}],"about":[{"href":"https:\/\/www.radiosanctispiritus.cu\/es\/wp-json\/wp\/v2\/types\/post"}],"author":[{"embeddable":true,"href":"https:\/\/www.radiosanctispiritus.cu\/es\/wp-json\/wp\/v2\/users\/17"}],"replies":[{"embeddable":true,"href":"https:\/\/www.radiosanctispiritus.cu\/es\/wp-json\/wp\/v2\/comments?post=68891"}],"version-history":[{"count":1,"href":"https:\/\/www.radiosanctispiritus.cu\/es\/wp-json\/wp\/v2\/posts\/68891\/revisions"}],"predecessor-version":[{"id":68894,"href":"https:\/\/www.radiosanctispiritus.cu\/es\/wp-json\/wp\/v2\/posts\/68891\/revisions\/68894"}],"wp:featuredmedia":[{"embeddable":true,"href":"https:\/\/www.radiosanctispiritus.cu\/es\/wp-json\/wp\/v2\/media\/68893"}],"wp:attachment":[{"href":"https:\/\/www.radiosanctispiritus.cu\/es\/wp-json\/wp\/v2\/media?parent=68891"}],"wp:term":[{"taxonomy":"category","embeddable":true,"href":"https:\/\/www.radiosanctispiritus.cu\/es\/wp-json\/wp\/v2\/categories?post=68891"},{"taxonomy":"post_tag","embeddable":true,"href":"https:\/\/www.radiosanctispiritus.cu\/es\/wp-json\/wp\/v2\/tags?post=68891"},{"taxonomy":"author","embeddable":true,"href":"https:\/\/www.radiosanctispiritus.cu\/es\/wp-json\/wp\/v2\/coauthors?post=68891"}],"curies":[{"name":"wp","href":"https:\/\/api.w.org\/{rel}","templated":true}]}}