{"id":68871,"date":"2026-05-01T18:31:13","date_gmt":"2026-05-01T22:31:13","guid":{"rendered":"https:\/\/www.radiosanctispiritus.cu\/es\/?p=68871"},"modified":"2026-05-02T07:33:15","modified_gmt":"2026-05-02T11:33:15","slug":"doctora-marta-ayala-sancti-spiritus-protagonizo-un-desfile-grandioso","status":"publish","type":"post","link":"https:\/\/www.radiosanctispiritus.cu\/es\/doctora-marta-ayala-sancti-spiritus-protagonizo-un-desfile-grandioso\/","title":{"rendered":"Doctora Marta Ayala: Sancti Sp\u00edritus protagoniz\u00f3 un desfile grandioso"},"content":{"rendered":"<p>Como un desfile grandioso calific\u00f3 la doctora Marta Ayala \u00c1vila, miembro del Bur\u00f3 Pol\u00edtico del Comit\u00e9 Central del Partido y Directora General del Centro de Ingenier\u00eda Gen\u00e9tica y Biotecnolog\u00eda, la <a href=\"https:\/\/www.radiosanctispiritus.cu\/es\/multitudinario-desfile-por-el-primero-de-mayo-en-sancti-spiritus-patentiza-que-lapatriasedefiende\/\">multitudinaria marcha protagonizada por los espirituanos este Primero de Mayo<\/a> en la Plaza Mayor General Seraf\u00edn S\u00e1nchez Valdivia, en la ciudad del Yayabo.<\/p>\n<p><img decoding=\"async\" class=\" wp-image-68879 alignright\" src=\"https:\/\/www.radiosanctispiritus.cu\/es\/wp-content\/uploads\/Marta-Ayala-2-600x384.jpg\" alt=\"\" width=\"223\" height=\"143\" srcset=\"https:\/\/www.radiosanctispiritus.cu\/es\/wp-content\/uploads\/Marta-Ayala-2-600x384.jpg 600w, https:\/\/www.radiosanctispiritus.cu\/es\/wp-content\/uploads\/Marta-Ayala-2.jpg 605w\" sizes=\"(max-width: 223px) 100vw, 223px\" \/>En declaraciones a la prensa al cierre de la jornada, la tambi\u00e9n diputada a la Asamblea Nacional del Poder Popular por el norte\u00f1o municipio de Yaguajay precis\u00f3 que \u201ceste ha sido un desfile grandioso, un desfile muy estimulante, muy emocionante, como nos tienen acostumbrados los espirituanos y que segura estoy en cada municipio espirituano, estamos viviendo tambi\u00e9n la misma experiencia\u201d.<\/p>\n<p>\u201cEsta es realmente una provincia de campeones\u201d refiri\u00f3 la destacada investigadora tras argumentar que \u201caqu\u00ed desfilan sindicatos, vanguardias nacionales, desfilan figuras del deporte, la ciencia, la medicina cubana, la agricultura\u201d.<\/p>\n<p><img decoding=\"async\" class=\" wp-image-68882 alignleft\" src=\"https:\/\/www.radiosanctispiritus.cu\/es\/wp-content\/uploads\/Desfile-estudiantes-quimica-2.jpg\" alt=\"\" width=\"248\" height=\"179\" \/>Ayala \u00c1vila no ocult\u00f3 su emoci\u00f3n al referirse a la participaci\u00f3n de ni\u00f1os y j\u00f3venes en la marcha de este viernes en predios yayaberos y destac\u00f3 la participaci\u00f3n de los <a href=\"https:\/\/www.radiosanctispiritus.cu\/es\/la-quimica-de-las-nuevas-medallas\/\">estudiantes Leticia Mar\u00eda Merlo Alfonso y Ernesto Alejandro Barrera Ram\u00edrez, ganadores de medalla de bronce en una reciente Olimpiada Internacional de Qu\u00edmica<\/a>, acontec\u00eda en Mosc\u00fa: \u201crealmente es una expresi\u00f3n tambi\u00e9n del sistema educativo cubano y esos j\u00f3venes tambi\u00e9n han sido muy patriotas en todas sus declaraciones. As\u00ed que nosotros se lo debemos\u201d.<\/p>\n<p><img decoding=\"async\" class=\" wp-image-68884 alignright\" src=\"https:\/\/www.radiosanctispiritus.cu\/es\/wp-content\/uploads\/CIGB-SS-desfile-1-mayo-600x401.jpg\" alt=\"\" width=\"377\" height=\"252\" srcset=\"https:\/\/www.radiosanctispiritus.cu\/es\/wp-content\/uploads\/CIGB-SS-desfile-1-mayo-600x401.jpg 600w, https:\/\/www.radiosanctispiritus.cu\/es\/wp-content\/uploads\/CIGB-SS-desfile-1-mayo-768x513.jpg 768w, https:\/\/www.radiosanctispiritus.cu\/es\/wp-content\/uploads\/CIGB-SS-desfile-1-mayo.jpg 800w\" sizes=\"(max-width: 377px) 100vw, 377px\" \/>Al abordar el contexto en que transcurri\u00f3 este D\u00eda Internacional de los Trabajadores, recalc\u00f3 que \u201cCuba no es ninguna amenaza para ning\u00fan pa\u00eds en el mundo. Cuba quiere la paz, pero tambi\u00e9n a Cuba se defiende y eso est\u00e1bamos haciendo en este Primero de Mayo\u201d.<\/p>\n<p>Marta Ayala signific\u00f3 que en \u201cel centenario del natalicio de nuestro Comandante en Jefe tenemos muchas cosas\u00a0 por qu\u00e9 celebrar\u201d, a lo que a\u00f1adi\u00f3 retos claves de este momento: \u201cDefender la patria, producir m\u00e1s alimentos, organizarnos mejor para que la sociedad pueda tener tambi\u00e9n sus resultados\u201d.<\/p>\n<p>&nbsp;<\/p>\n<p><iframe src=\"https:\/\/www.ivoox.com\/player_ej_172936499_6_1.html?c1=7a0d0b\" width=\"100%\" height=\"200\" frameborder=\"0\" scrolling=\"no\" allowfullscreen=\"allowfullscreen\"><\/iframe><\/p>\n","protected":false},"excerpt":{"rendered":"<p>Como un desfile grandioso calific\u00f3 la doctora Marta Ayala \u00c1vila, miembro del Bur\u00f3 Pol\u00edtico del Comit\u00e9 Central del Partido y Directora General del Centro de Ingenier\u00eda Gen\u00e9tica y Biotecnolog\u00eda, la multitudinaria marcha protagonizada por los espirituanos este Primero de Mayo en la Plaza Mayor General Seraf\u00edn S\u00e1nchez Valdivia, en la ciudad del Yayabo.<\/p>\n","protected":false},"author":8,"featured_media":68872,"comment_status":"open","ping_status":"open","sticky":false,"template":"","format":"standard","meta":{"_acf_changed":false,"footnotes":""},"categories":[8],"tags":[897,791,734,749],"coauthors":[1917],"class_list":["post-68871","post","type-post","status-publish","format-standard","has-post-thumbnail","hentry","category-noticia","tag-buro-politico-pcc","tag-dia-internacional-de-los-trabajadores","tag-marta-ayala","tag-primero-de-mayo"],"acf":[],"_links":{"self":[{"href":"https:\/\/www.radiosanctispiritus.cu\/es\/wp-json\/wp\/v2\/posts\/68871","targetHints":{"allow":["GET"]}}],"collection":[{"href":"https:\/\/www.radiosanctispiritus.cu\/es\/wp-json\/wp\/v2\/posts"}],"about":[{"href":"https:\/\/www.radiosanctispiritus.cu\/es\/wp-json\/wp\/v2\/types\/post"}],"author":[{"embeddable":true,"href":"https:\/\/www.radiosanctispiritus.cu\/es\/wp-json\/wp\/v2\/users\/8"}],"replies":[{"embeddable":true,"href":"https:\/\/www.radiosanctispiritus.cu\/es\/wp-json\/wp\/v2\/comments?post=68871"}],"version-history":[{"count":5,"href":"https:\/\/www.radiosanctispiritus.cu\/es\/wp-json\/wp\/v2\/posts\/68871\/revisions"}],"predecessor-version":[{"id":68887,"href":"https:\/\/www.radiosanctispiritus.cu\/es\/wp-json\/wp\/v2\/posts\/68871\/revisions\/68887"}],"wp:featuredmedia":[{"embeddable":true,"href":"https:\/\/www.radiosanctispiritus.cu\/es\/wp-json\/wp\/v2\/media\/68872"}],"wp:attachment":[{"href":"https:\/\/www.radiosanctispiritus.cu\/es\/wp-json\/wp\/v2\/media?parent=68871"}],"wp:term":[{"taxonomy":"category","embeddable":true,"href":"https:\/\/www.radiosanctispiritus.cu\/es\/wp-json\/wp\/v2\/categories?post=68871"},{"taxonomy":"post_tag","embeddable":true,"href":"https:\/\/www.radiosanctispiritus.cu\/es\/wp-json\/wp\/v2\/tags?post=68871"},{"taxonomy":"author","embeddable":true,"href":"https:\/\/www.radiosanctispiritus.cu\/es\/wp-json\/wp\/v2\/coauthors?post=68871"}],"curies":[{"name":"wp","href":"https:\/\/api.w.org\/{rel}","templated":true}]}}