{"id":68868,"date":"2026-05-01T11:34:21","date_gmt":"2026-05-01T15:34:21","guid":{"rendered":"https:\/\/www.radiosanctispiritus.cu\/es\/?p=68868"},"modified":"2026-05-01T11:34:21","modified_gmt":"2026-05-01T15:34:21","slug":"celebracion-obrera-en-cuba-desarma-narrativa-enemiga-en-redes-sociales","status":"publish","type":"post","link":"https:\/\/www.radiosanctispiritus.cu\/es\/celebracion-obrera-en-cuba-desarma-narrativa-enemiga-en-redes-sociales\/","title":{"rendered":"Celebraci\u00f3n obrera en Cuba desarma narrativa enemiga en redes sociales"},"content":{"rendered":"<p>La masividad que caracteriz\u00f3 este viernes la celebraci\u00f3n del D\u00eda Internacional de los Trabajadores en Cuba desarm\u00f3 la narrativa enemiga en las redes sociales, donde muchos apostaban por la apat\u00eda del pueblo en el festejo de la efem\u00e9ride proletaria.<\/p>\n<p>Desde la madrugada -justo bajo la primera luna llena de mayo- millares de personas estaban en las calles buscando sus puntos de encuentro para romper el presagio de aquellos que todav\u00eda \u2013habiendo nacido aqu\u00ed- no conocen de que madera est\u00e1n tallados sus compatriotas.<\/p>\n<p>Previo a la fecha dedicada a la clase obrera ya algunos daban por hecho una notable ausencia en las calles y plazas, y repet\u00edan una y otra vez el argumento de la obligatoriedad forzada por los directivos de las entidades.<\/p>\n<p>Aquellos que desprecian y odian, pero al mismo tiempo no le pierden ni pie, ni pisada al acontecer del verde caim\u00e1n sab\u00edan de la agon\u00eda ciudadana provocada por las consecuencias del bloqueo econ\u00f3mico y energ\u00e9tico impuesto por Estados Unidos.<\/p>\n<p>La falta de harina para el pan nuestro de cada d\u00eda, los apagones, ahora apaciguados por la probada solidaridad del gobierno ruso, el problema con el transporte, las largas filas en los bancos, los altos precios de los alimentos, entre otras vicisitudes cotidianas, hicieron crecer la ilusi\u00f3n enemiga de un 1 de Mayo fracasado.<\/p>\n<p>Como es habitual en esta fecha hist\u00f3rica el pueblo respondi\u00f3, solo en la capital, medio mill\u00f3n de personas estuvo presente en el festejo, matizado por un desbordado entusiasmo acompa\u00f1ado de ingeniosas iniciativas, sin dejar fuera la contagiosa m\u00fasica cubana, esta vez con la tradicional conga habanera-santiaguera, y los m\u00e1s j\u00f3venes coreando los \u00faltimos \u00e9xitos del cuestionado g\u00e9nero del reparto.<\/p>\n<p>Los odiadores en las redes, como algunos suelen llamar a los anticomunistas de \u00faltima hora, formados acad\u00e9micamente en el socialismo por dem\u00e1s, volver\u00e1n echar mano a sus narrativas para monetizar, pero convencidos de que su mensaje para dividir y desanimar carece de efectividad.<\/p>\n<p>En el a\u00f1o del centenario del Comandante en Jefe de Fidel Castro este desfile es el mejor homenaje al l\u00edder hist\u00f3rico de la Revoluci\u00f3n, acompa\u00f1ado por las seis millones 230 mil 973 r\u00fabricas del documento Mi firma por la Patria.<\/p>\n","protected":false},"excerpt":{"rendered":"<p>La masividad que caracteriz\u00f3 este viernes la celebraci\u00f3n del D\u00eda Internacional de los Trabajadores en Cuba desarm\u00f3 la narrativa enemiga en las redes sociales, donde muchos apostaban por la apat\u00eda del pueblo en el festejo de la efem\u00e9ride proletaria.<\/p>\n","protected":false},"author":22,"featured_media":68869,"comment_status":"open","ping_status":"open","sticky":false,"template":"","format":"standard","meta":{"_acf_changed":false,"footnotes":""},"categories":[8,3],"tags":[791,749,141],"coauthors":[1882],"class_list":["post-68868","post","type-post","status-publish","format-standard","has-post-thumbnail","hentry","category-noticia","category-cuba","tag-dia-internacional-de-los-trabajadores","tag-primero-de-mayo","tag-redes-sociales"],"acf":[],"_links":{"self":[{"href":"https:\/\/www.radiosanctispiritus.cu\/es\/wp-json\/wp\/v2\/posts\/68868","targetHints":{"allow":["GET"]}}],"collection":[{"href":"https:\/\/www.radiosanctispiritus.cu\/es\/wp-json\/wp\/v2\/posts"}],"about":[{"href":"https:\/\/www.radiosanctispiritus.cu\/es\/wp-json\/wp\/v2\/types\/post"}],"author":[{"embeddable":true,"href":"https:\/\/www.radiosanctispiritus.cu\/es\/wp-json\/wp\/v2\/users\/22"}],"replies":[{"embeddable":true,"href":"https:\/\/www.radiosanctispiritus.cu\/es\/wp-json\/wp\/v2\/comments?post=68868"}],"version-history":[{"count":1,"href":"https:\/\/www.radiosanctispiritus.cu\/es\/wp-json\/wp\/v2\/posts\/68868\/revisions"}],"predecessor-version":[{"id":68870,"href":"https:\/\/www.radiosanctispiritus.cu\/es\/wp-json\/wp\/v2\/posts\/68868\/revisions\/68870"}],"wp:featuredmedia":[{"embeddable":true,"href":"https:\/\/www.radiosanctispiritus.cu\/es\/wp-json\/wp\/v2\/media\/68869"}],"wp:attachment":[{"href":"https:\/\/www.radiosanctispiritus.cu\/es\/wp-json\/wp\/v2\/media?parent=68868"}],"wp:term":[{"taxonomy":"category","embeddable":true,"href":"https:\/\/www.radiosanctispiritus.cu\/es\/wp-json\/wp\/v2\/categories?post=68868"},{"taxonomy":"post_tag","embeddable":true,"href":"https:\/\/www.radiosanctispiritus.cu\/es\/wp-json\/wp\/v2\/tags?post=68868"},{"taxonomy":"author","embeddable":true,"href":"https:\/\/www.radiosanctispiritus.cu\/es\/wp-json\/wp\/v2\/coauthors?post=68868"}],"curies":[{"name":"wp","href":"https:\/\/api.w.org\/{rel}","templated":true}]}}