{"id":68864,"date":"2026-05-01T00:05:17","date_gmt":"2026-05-01T04:05:17","guid":{"rendered":"https:\/\/www.radiosanctispiritus.cu\/es\/?p=68864"},"modified":"2026-05-01T11:35:51","modified_gmt":"2026-05-01T15:35:51","slug":"deporte-espirituano-junto-a-su-pueblo-el-primero-de-mayo","status":"publish","type":"post","link":"https:\/\/www.radiosanctispiritus.cu\/es\/deporte-espirituano-junto-a-su-pueblo-el-primero-de-mayo\/","title":{"rendered":"Deporte espirituano junto a su pueblo el Primero de Mayo"},"content":{"rendered":"<p class=\"western\"><span style=\"font-family: Tahoma, sans-serif;\"><span style=\"font-size: large;\">Los trabajadores del INDER en Sancti Sp\u00edritus van a desfilar este viernes Primero de Mayo con la convicci\u00f3n de respaldar las conquistas de la Revoluci\u00f3n y como continuidad de las ideas del Comandante en jefe Fidel Castro Ruz, que hizo del deporte derecho de todo el pueblo.<\/span><\/span><\/p>\n<p class=\"western\"><span style=\"font-family: Tahoma, sans-serif;\"><span style=\"font-size: large;\">El contagioso ritmo del movimiento deportivo yayabero y su disposici\u00f3n y apoyo al Socialismo en defensa de las conquistas de la Patria, la Plaza de la Revoluci\u00f3n Seraf\u00edn S\u00e1nchez Valdivia se raificar\u00e1n este Primero de Mayo. As\u00ed lo reafirma Laidal\u00ed Santana Carrero, directora del INDER en Sancti Sp\u00edritus.<\/span><\/span><\/p>\n<p class=\"western\"><em>\u201c<span style=\"font-family: Tahoma, sans-serif;\"><span style=\"font-size: large;\">Mucha es la motivaci\u00f3n que tenemos los hombres y mujeres del deporte espirituano para esta fiesta del proletariado mundial, y a pesar de la situaci\u00f3n especial que nos ha impuesto la emergencia energ\u00e9tica seguimos haciendo deportes, ahora en las comunidades, en los barrios y en los combinados deportivos, en un a\u00f1o especial por cumplirse el centenario de Fidel Castro, ese hombre que hizo realidad de que el deporte fuera y seguir\u00e1 siendo derecho de todo el pueblo.<\/span><\/span><\/em><\/p>\n<p class=\"western\"><em>\u201c<span style=\"font-family: Tahoma, sans-serif;\"><span style=\"font-size: large;\">A pesar de que el organismo tuvo que descentralizar a los alumnos-atletas de la EIDE Lino Salabarr\u00eda Pupo y mandarlos hacia sus municipios de or\u00edgenes, se ha mantenido un v\u00ednculo directo a trav\u00e9s de las direcciones municipales y con educaci\u00f3n, chequeando la preparaci\u00f3n metodol\u00f3gica en sus respectivas ense\u00f1anzas, as\u00ed como chequeando deportivamente la preparaci\u00f3n de los atletas que tienen compromisos para participar en los venideros Juegos Escolares Nacionales del alto rendimiento, que deben efectuarse en el venidero mes de julio\u201d.<\/span><\/span><\/em><\/p>\n<p class=\"western\"><span style=\"font-family: Tahoma, sans-serif;\"><span style=\"font-size: large;\">La direcci\u00f3n del INDER nacional, a trav\u00e9s de su presidente Osvaldo Vento Montiller hizo un llamado a tomar por asalto el deporte participativo hasta en los lugares m\u00e1s intrincados del Plan Turquino en aras de masificar el deporte \u00bfc\u00f3mo se cumple esta disposici\u00f3n en la provincia?<\/span><\/span><\/p>\n<p class=\"western\"><em>\u201c<\/em><span style=\"font-family: Tahoma, sans-serif;\"><span style=\"font-size: large;\"><em>Hemos incrementado las copas interbarrio<\/em>, <\/span><\/span><span style=\"font-family: Tahoma, sans-serif;\"><span style=\"font-size: large;\">contin\u00faa Laidal\u00ed Santana-,<\/span><\/span><em><span style=\"font-family: Tahoma, sans-serif;\"><span style=\"font-size: large;\"> se est\u00e1n realizando eventos de b\u00e9isbol, baloncesto a nivel de Consejo Popular, a nivel de barrio, as\u00ed como copas de softbol como las que se desarrollan en la cabecera provincia, mientras en la Villa Patrimonio de la Humanidad, trabajadores de sus sindicatos realizan desde hace meses la Copa de Softbol de los trabajadores 8 de marzo, en saludo al d\u00eda de la mujer.<\/span><\/span><\/em><\/p>\n<p class=\"western\"><em>\u201c<span style=\"font-family: Tahoma, sans-serif;\"><span style=\"font-size: large;\">Motivos tenemos de sobra para desfilar porque el deporte yayabero se ha empinado ante las dificultades, y la muestra tambi\u00e9n est\u00e1 en el terreno aleda\u00f1o a Centrovisi\u00f3n Yayabo, donde se han efectuado dos copas de f\u00fatbol, en la que intervienen jugadores de todos los consejos populares de la cabecera provincial, mientras en Jatibonico y Yaguajay sus combinados deportivos realizan torneos de la blanquinegra.<\/span><\/span><\/em><\/p>\n<p class=\"western\"><em>\u201c<span style=\"font-family: Tahoma, sans-serif;\"><span style=\"font-size: large;\">Recibiremos la fiesta del proletariado mundial con la certeza como siempre, de que el deporte en su Sindicato de la Educaci\u00f3n, las Ciencias y el Deporte, desfilar\u00e1 este Primero de Mayo mostrando todos los logros que han tenido este a\u00f1o los trabajadores del INDER; no solamente en la arena del deporte y en la recreaci\u00f3n y la cultura f\u00edsica, sino tambi\u00e9n en el apoyo que le hemos dado a todas las tareas que se nos ha orientado por el Gobierno y el Partido en el mantenimiento de las instalaciones deportivas.<\/span><\/span><\/em><\/p>\n<p class=\"western\"><em>\u201c<span style=\"font-family: Tahoma, sans-serif;\"><span style=\"font-size: large;\">Con mucho entusiasmo nos vemos en la plaza. Como siempre el deporte llevar\u00e1 un gran colorido con sus atletas, con sus entrenadores y con los trabajadores de la cultura f\u00edsica, el deporte y la recreaci\u00f3n, y con la convicci\u00f3n de que la Patria se defiende\u201d.<\/span><\/span><\/em><\/p>\n","protected":false},"excerpt":{"rendered":"<p>Los trabajadores del INDER en Sancti Sp\u00edritus van a desfilar este viernes Primero de Mayo con la convicci\u00f3n de respaldar las conquistas de la Revoluci\u00f3n y como continuidad de las ideas del Comandante en jefe Fidel Castro Ruz, que hizo del deporte derecho de todo el pueblo. El contagioso ritmo del movimiento deportivo yayabero y [&hellip;]<\/p>\n","protected":false},"author":11,"featured_media":68865,"comment_status":"open","ping_status":"open","sticky":false,"template":"","format":"standard","meta":{"_acf_changed":false,"footnotes":""},"categories":[8,7],"tags":[451,104,749],"coauthors":[1892],"class_list":["post-68864","post","type-post","status-publish","format-standard","has-post-thumbnail","hentry","category-noticia","category-deporte","tag-deporte-espirituano","tag-inder","tag-primero-de-mayo"],"acf":[],"_links":{"self":[{"href":"https:\/\/www.radiosanctispiritus.cu\/es\/wp-json\/wp\/v2\/posts\/68864","targetHints":{"allow":["GET"]}}],"collection":[{"href":"https:\/\/www.radiosanctispiritus.cu\/es\/wp-json\/wp\/v2\/posts"}],"about":[{"href":"https:\/\/www.radiosanctispiritus.cu\/es\/wp-json\/wp\/v2\/types\/post"}],"author":[{"embeddable":true,"href":"https:\/\/www.radiosanctispiritus.cu\/es\/wp-json\/wp\/v2\/users\/11"}],"replies":[{"embeddable":true,"href":"https:\/\/www.radiosanctispiritus.cu\/es\/wp-json\/wp\/v2\/comments?post=68864"}],"version-history":[{"count":2,"href":"https:\/\/www.radiosanctispiritus.cu\/es\/wp-json\/wp\/v2\/posts\/68864\/revisions"}],"predecessor-version":[{"id":68867,"href":"https:\/\/www.radiosanctispiritus.cu\/es\/wp-json\/wp\/v2\/posts\/68864\/revisions\/68867"}],"wp:featuredmedia":[{"embeddable":true,"href":"https:\/\/www.radiosanctispiritus.cu\/es\/wp-json\/wp\/v2\/media\/68865"}],"wp:attachment":[{"href":"https:\/\/www.radiosanctispiritus.cu\/es\/wp-json\/wp\/v2\/media?parent=68864"}],"wp:term":[{"taxonomy":"category","embeddable":true,"href":"https:\/\/www.radiosanctispiritus.cu\/es\/wp-json\/wp\/v2\/categories?post=68864"},{"taxonomy":"post_tag","embeddable":true,"href":"https:\/\/www.radiosanctispiritus.cu\/es\/wp-json\/wp\/v2\/tags?post=68864"},{"taxonomy":"author","embeddable":true,"href":"https:\/\/www.radiosanctispiritus.cu\/es\/wp-json\/wp\/v2\/coauthors?post=68864"}],"curies":[{"name":"wp","href":"https:\/\/api.w.org\/{rel}","templated":true}]}}