{"id":68843,"date":"2026-05-01T10:00:47","date_gmt":"2026-05-01T14:00:47","guid":{"rendered":"https:\/\/www.radiosanctispiritus.cu\/es\/?p=68843"},"modified":"2026-05-01T10:03:08","modified_gmt":"2026-05-01T14:03:08","slug":"raul-y-diaz-canel-encabezan-celebracion-por-el-primero-de-mayo","status":"publish","type":"post","link":"https:\/\/www.radiosanctispiritus.cu\/es\/raul-y-diaz-canel-encabezan-celebracion-por-el-primero-de-mayo\/","title":{"rendered":"Ra\u00fal y D\u00edaz-Canel encabezan celebraci\u00f3n por el Primero de Mayo"},"content":{"rendered":"<p>El General de Ej\u00e9rcito Ra\u00fal Castro Ruz, l\u00edder de la Revoluci\u00f3n Cubana, y el primer secretario del Comit\u00e9 Central del Partido Comunista de Cuba (PCC) y presidente de la Rep\u00fablica, Miguel D\u00edaz-Canel Berm\u00fadez, presidieron este viernes en la capital cubana el acto central por el Primero de Mayo en Cuba, celebraci\u00f3n del \u201cD\u00eda Internacional de los Trabajadores\u201d en la Tribuna Antimperialista Jos\u00e9 Mart\u00ed.<\/p>\n<p>Antes del amanecer de este viernes, los m\u00e1s altos dirigentes pol\u00edticos y gubernamentales del pa\u00eds iniciaron la marcha en la Plaza de la Revoluci\u00f3n. Acompa\u00f1aron al presidente D\u00edaz-Canel, el miembro del Bur\u00f3 Pol\u00edtico y secretario de Organizaci\u00f3n del Comit\u00e9 Central del PCC, Roberto Morales Ojeda; el ministro de Relaciones Exteriores, Bruno Rodr\u00edguez Parrilla; y el presidente Comisi\u00f3n Organizadora del Congreso de la Central de Trabajadores de Cuba (CTC), Osnay Miguel Colina Rodr\u00edguez.<\/p>\n<p>Miles de trabajadores se movilizaron en cuatro puntos de La Habana para participar en la multitudinaria movilizaci\u00f3n, que avanz\u00f3 por las calles de la ciudad para converger en la Tribuna Antimperialista Jos\u00e9 Mart\u00ed.<\/p>\n<p>Los trabajadores organizados en 15 sindicatos respondieron al llamamiento de movilizaci\u00f3n, desfile y concentraci\u00f3n, que con las primeras luces de este D\u00eda Internacional de los Trabajadores lleg\u00f3 hasta la tribuna del pueblo combatiente, ubicada en el malec\u00f3n habanero, donde se realiza el acto central por el Primero de Mayo en Cuba.<\/p>\n<p>En el a\u00f1o del centenario del natalicio del Comandante en Jefe Fidel Castro Ruz, r\u00edos humanos avanzaron en una marcha que trasciende lo conmemorativo para convertirse en reafirmaci\u00f3n pol\u00edtica y social. Banderas cubanas y palestinas ondearon juntas en un desfile que tambi\u00e9n se levant\u00f3 como mensaje de solidaridad y defensa de la paz.<\/p>\n<div id=\"attachment_68850\" style=\"width: 590px\" class=\"wp-caption aligncenter\"><img decoding=\"async\" aria-describedby=\"caption-attachment-68850\" class=\"size-full wp-image-68850\" src=\"https:\/\/www.radiosanctispiritus.cu\/es\/wp-content\/uploads\/firmas-por-la-patria-cuba-2.jpeg\" alt=\"\" width=\"580\" height=\"351\" \/><p id=\"caption-attachment-68850\" class=\"wp-caption-text\">Entrega simb\u00f3lica de las firmas en respaldo a la Patria a las m\u00e1ximas autoridades del pa\u00eds. Foto: Abel Padr\u00f3n Padilla\/Cubadebate.<\/p><\/div>\n<p>Desde la base, voces como la de Jos\u00e9 Luis Amador, vecino del consejo popular Palatino, reflejan el sentir de muchos. Para \u00e9l, el contexto actual es complejo y las dificultades cotidianas impactan con fuerza en la vida de las personas, desde los apagones hasta las tensiones econ\u00f3micas. Sin embargo, esos desaf\u00edos no anulan el compromiso con la naci\u00f3n.<\/p>\n<p>\u201cLa Patria est\u00e1 en peligro y debemos defenderla como el pueblo que hemos sido siempre\u201d, afirm\u00f3. Para \u00e9l, desfilar es hoy una forma de lucha y de unidad: \u201cCuba es un tema de los cubanos, y juntos estamos dispuestos a salvar este proyecto humano\u201d, dijo.<\/p>\n<p>\u201cEste desfile es el cierre perfecto despu\u00e9s de una semana donde los cubanos reafirmamos con una firma nuestro compromiso con la Patria. Estamos firmes para demostrarle a Trump y a Estados Unidos que nuestros principios revolucionarios son inquebrantables y que los cubanos estamos con la direcci\u00f3n del Partido y la Revoluci\u00f3n. Cada vez que la Patria convoque, aqu\u00ed estaremos\u201d, se\u00f1al\u00f3 la miembro de la UJC Dunia D\u00edaz Garc\u00eda.<\/p>\n<p><img decoding=\"async\" class=\"size-medium wp-image-68853 aligncenter\" src=\"https:\/\/www.radiosanctispiritus.cu\/es\/wp-content\/uploads\/Acto-Habana-600x389.jpeg\" alt=\"\" width=\"600\" height=\"389\" srcset=\"https:\/\/www.radiosanctispiritus.cu\/es\/wp-content\/uploads\/Acto-Habana-600x389.jpeg 600w, https:\/\/www.radiosanctispiritus.cu\/es\/wp-content\/uploads\/Acto-Habana-768x498.jpeg 768w, https:\/\/www.radiosanctispiritus.cu\/es\/wp-content\/uploads\/Acto-Habana.jpeg 940w\" sizes=\"(max-width: 600px) 100vw, 600px\" \/><\/p>\n<p>Para la jubilada Luisa Rodr\u00edguez, del municipio, Plaza de la Revoluci\u00f3n, no hay mayor demostraci\u00f3n de fortaleza que estar aqu\u00ed con el Partido, con el presidente y con Cuba.<\/p>\n<p>\u201cHoy vengo por mi hijos, por mis nietos, por defender este pedacito de tierra al que le debemos todo, para gritarle al mundo que los \u00fanicos que podemos decidir nuestro futuro somos nosotros los cubanos. Nadie de afuera vendr\u00e1 a intimidarnos. No queremos guerra, no queremos bombas, no queremos intervenci\u00f3n de ning\u00fan pa\u00eds\u201d, asegur\u00f3.<\/p>\n<p>La jornada deviene tambi\u00e9n escenario para reiterar el llamado a enfrentar los desaf\u00edos actuales con trabajo, creatividad y cohesi\u00f3n, en medio de un complejo contexto econ\u00f3mico y bajo la persistencia del bloqueo.<\/p>\n<p><img decoding=\"async\" class=\"size-full wp-image-68852 aligncenter\" src=\"https:\/\/www.radiosanctispiritus.cu\/es\/wp-content\/uploads\/diaz-canel-en-la-plaza-3.jpg\" alt=\"\" width=\"580\" height=\"386\" \/><\/p>\n","protected":false},"excerpt":{"rendered":"<p>El General de Ej\u00e9rcito Ra\u00fal Castro Ruz, l\u00edder de la Revoluci\u00f3n Cubana, y el primer secretario del Comit\u00e9 Central del Partido Comunista de Cuba (PCC) y presidente de la Rep\u00fablica, Miguel D\u00edaz-Canel Berm\u00fadez, presidieron este viernes en la capital cubana el acto central por el Primero de Mayo en Cuba, celebraci\u00f3n del \u201cD\u00eda Internacional de los Trabajadores\u201d en la Tribuna Antimperialista Jos\u00e9 Mart\u00ed.<\/p>\n","protected":false},"author":26,"featured_media":68848,"comment_status":"open","ping_status":"open","sticky":false,"template":"","format":"standard","meta":{"_acf_changed":false,"footnotes":""},"categories":[8,3],"tags":[791,28,749,87],"coauthors":[1887],"class_list":["post-68843","post","type-post","status-publish","format-standard","has-post-thumbnail","hentry","category-noticia","category-cuba","tag-dia-internacional-de-los-trabajadores","tag-miguel-diaz-canel","tag-primero-de-mayo","tag-raul-castro"],"acf":[],"_links":{"self":[{"href":"https:\/\/www.radiosanctispiritus.cu\/es\/wp-json\/wp\/v2\/posts\/68843","targetHints":{"allow":["GET"]}}],"collection":[{"href":"https:\/\/www.radiosanctispiritus.cu\/es\/wp-json\/wp\/v2\/posts"}],"about":[{"href":"https:\/\/www.radiosanctispiritus.cu\/es\/wp-json\/wp\/v2\/types\/post"}],"author":[{"embeddable":true,"href":"https:\/\/www.radiosanctispiritus.cu\/es\/wp-json\/wp\/v2\/users\/26"}],"replies":[{"embeddable":true,"href":"https:\/\/www.radiosanctispiritus.cu\/es\/wp-json\/wp\/v2\/comments?post=68843"}],"version-history":[{"count":3,"href":"https:\/\/www.radiosanctispiritus.cu\/es\/wp-json\/wp\/v2\/posts\/68843\/revisions"}],"predecessor-version":[{"id":68856,"href":"https:\/\/www.radiosanctispiritus.cu\/es\/wp-json\/wp\/v2\/posts\/68843\/revisions\/68856"}],"wp:featuredmedia":[{"embeddable":true,"href":"https:\/\/www.radiosanctispiritus.cu\/es\/wp-json\/wp\/v2\/media\/68848"}],"wp:attachment":[{"href":"https:\/\/www.radiosanctispiritus.cu\/es\/wp-json\/wp\/v2\/media?parent=68843"}],"wp:term":[{"taxonomy":"category","embeddable":true,"href":"https:\/\/www.radiosanctispiritus.cu\/es\/wp-json\/wp\/v2\/categories?post=68843"},{"taxonomy":"post_tag","embeddable":true,"href":"https:\/\/www.radiosanctispiritus.cu\/es\/wp-json\/wp\/v2\/tags?post=68843"},{"taxonomy":"author","embeddable":true,"href":"https:\/\/www.radiosanctispiritus.cu\/es\/wp-json\/wp\/v2\/coauthors?post=68843"}],"curies":[{"name":"wp","href":"https:\/\/api.w.org\/{rel}","templated":true}]}}