{"id":68823,"date":"2026-05-01T10:03:39","date_gmt":"2026-05-01T14:03:39","guid":{"rendered":"https:\/\/www.radiosanctispiritus.cu\/es\/?p=68823"},"modified":"2026-05-01T12:55:58","modified_gmt":"2026-05-01T16:55:58","slug":"multitudinario-desfile-por-el-primero-de-mayo-en-sancti-spiritus-patentiza-que-lapatriasedefiende","status":"publish","type":"post","link":"https:\/\/www.radiosanctispiritus.cu\/es\/multitudinario-desfile-por-el-primero-de-mayo-en-sancti-spiritus-patentiza-que-lapatriasedefiende\/","title":{"rendered":"Multitudinario desfile por el Primero de Mayo en Sancti Sp\u00edritus patentiza que #LaPatriaSeDefiende"},"content":{"rendered":"<p class=\"ds-markdown-paragraph\">Con la conclusi\u00f3n del desfile por el D\u00eda Internacional de los Trabajadores en la Plaza de la Revoluci\u00f3n Mayor General Seraf\u00edn S\u00e1nchez Valdivia, m\u00e1s de 100 mil espirituanos en la cabecera provincial y alrededor de 200 mil en todo el territorio ratificaron que #LaPatriaSeDefiende.<\/p>\n<p class=\"ds-markdown-paragraph\"><em>\u201cHemos vivido otro hist\u00f3rico desfile del Primero de Mayo. Ha sido otra gran victoria del pueblo espirituano apoyando la Revoluci\u00f3n y sus conquistas\u201d<\/em>, as\u00ed lo confirm\u00f3 la Primera Secretaria del Comit\u00e9 Provincial del Partido Comunista de Cuba, Deivy P\u00e9rez Mart\u00edn, en declaraciones exclusivas a Radio Sancti Sp\u00edritus. Durante la jornada, la Plaza se visti\u00f3 de colorido, consignas revolucionarias y la ense\u00f1a nacional como s\u00edmbolo de la unidad inquebrantable.<\/p>\n<p><img decoding=\"async\" class=\"size-medium wp-image-68839 aligncenter\" src=\"https:\/\/www.radiosanctispiritus.cu\/es\/wp-content\/uploads\/684252518_1379048167598162_6339088121138742757_n-600x450.jpg\" alt=\"\" width=\"600\" height=\"450\" srcset=\"https:\/\/www.radiosanctispiritus.cu\/es\/wp-content\/uploads\/684252518_1379048167598162_6339088121138742757_n-600x450.jpg 600w, https:\/\/www.radiosanctispiritus.cu\/es\/wp-content\/uploads\/684252518_1379048167598162_6339088121138742757_n-1024x768.jpg 1024w, https:\/\/www.radiosanctispiritus.cu\/es\/wp-content\/uploads\/684252518_1379048167598162_6339088121138742757_n-768x576.jpg 768w, https:\/\/www.radiosanctispiritus.cu\/es\/wp-content\/uploads\/684252518_1379048167598162_6339088121138742757_n.jpg 1280w\" sizes=\"(max-width: 600px) 100vw, 600px\" \/><\/p>\n<p class=\"ds-markdown-paragraph\"><strong>J\u00f3venes y ni\u00f1os: la fiesta del compromiso con el futuro<\/strong><\/p>\n<p><img decoding=\"async\" class=\"size-medium wp-image-68835 aligncenter\" src=\"https:\/\/www.radiosanctispiritus.cu\/es\/wp-content\/uploads\/684432359_1369503021864490_7743699743268274728_n-600x270.jpg\" alt=\"\" width=\"600\" height=\"270\" srcset=\"https:\/\/www.radiosanctispiritus.cu\/es\/wp-content\/uploads\/684432359_1369503021864490_7743699743268274728_n-600x270.jpg 600w, https:\/\/www.radiosanctispiritus.cu\/es\/wp-content\/uploads\/684432359_1369503021864490_7743699743268274728_n-768x346.jpg 768w, https:\/\/www.radiosanctispiritus.cu\/es\/wp-content\/uploads\/684432359_1369503021864490_7743699743268274728_n.jpg 1020w\" sizes=\"(max-width: 600px) 100vw, 600px\" \/><\/p>\n<p class=\"ds-markdown-paragraph\">Desde muy temprano, la Plaza se llen\u00f3 de familias, j\u00f3venes y ni\u00f1os que hicieron del desfile una verdadera fiesta de compromiso con la Patria. Entre los momentos m\u00e1s emotivos, la presencia de los estudiantes <strong>Ernesto Alejandro Barrera<\/strong> y <strong>Leticia Mar\u00eda Merlo<\/strong>, del Instituto Preuniversitario Vocacional de Ciencias Exactas Eusebio Oliveira, quienes ganaron medalla de bronce en la 60.\u00ba Olimpiada Internacional Mendeleyev de Qu\u00edmica. Ellos simbolizan el relevo seguro de la ciencia y la educaci\u00f3n cubana.<\/p>\n<p class=\"ds-markdown-paragraph\"><strong>La conga de la Industria Alimentaria anim\u00f3 la jornada<\/strong><\/p>\n<p class=\"ds-markdown-paragraph\">El sindicato de la Industria Alimentaria y la Pesca lider\u00f3 el desfile de los 15 gremios, mientras que el de Agropecuarios, Forestales y Tabacaleros lo cerr\u00f3. La conga de los trabajadores de la alimentaci\u00f3n puso ritmo y sabor a la jornada, demostrando que el trabajo digno tambi\u00e9n se celebra con alegr\u00eda combativa.<\/p>\n<p class=\"ds-markdown-paragraph\"><strong>Autoridades presentes<\/strong><\/p>\n<p><img decoding=\"async\" class=\"size-medium wp-image-68838 aligncenter\" src=\"https:\/\/www.radiosanctispiritus.cu\/es\/wp-content\/uploads\/686541291_1277541684505456_3495208031338302132_n-600x450.jpg\" alt=\"\" width=\"600\" height=\"450\" srcset=\"https:\/\/www.radiosanctispiritus.cu\/es\/wp-content\/uploads\/686541291_1277541684505456_3495208031338302132_n-600x450.jpg 600w, https:\/\/www.radiosanctispiritus.cu\/es\/wp-content\/uploads\/686541291_1277541684505456_3495208031338302132_n-1024x768.jpg 1024w, https:\/\/www.radiosanctispiritus.cu\/es\/wp-content\/uploads\/686541291_1277541684505456_3495208031338302132_n-768x576.jpg 768w, https:\/\/www.radiosanctispiritus.cu\/es\/wp-content\/uploads\/686541291_1277541684505456_3495208031338302132_n.jpg 1040w\" sizes=\"(max-width: 600px) 100vw, 600px\" \/><\/p>\n<p class=\"ds-markdown-paragraph\">Encabezaron la marcha <strong>Marta Ayala \u00c1vila<\/strong>, miembro del Bur\u00f3 Pol\u00edtico y directora del Centro de Ingenier\u00eda Gen\u00e9tica y Biotecnolog\u00eda; <strong>Deivy P\u00e9rez Mart\u00edn<\/strong>; Primera Secretaria del Partido en la provincia, <strong>Ydael P\u00e9rez Brito<\/strong>, ministro de la Agricultura; <strong>Alexis Lorente Jim\u00e9nez<\/strong>, gobernador provincial; <strong>Ekaterina Gowen Dickinson<\/strong>, miembro del Comit\u00e9 Central del Partido y secretaria general de la CTC en el territorio; adem\u00e1s de Hero\u00ednas y H\u00e9roes del Trabajo de la Rep\u00fablica, dirigentes del Partido, Gobierno y el movimiento sindical.<\/p>\n<p class=\"ds-markdown-paragraph\"><strong>Un pueblo que resiste y avanza<\/strong><\/p>\n<p><img decoding=\"async\" class=\"size-medium wp-image-68844 aligncenter\" src=\"https:\/\/www.radiosanctispiritus.cu\/es\/wp-content\/uploads\/686161672_1277526081173683_5164443791708923639_n-600x400.jpg\" alt=\"\" width=\"600\" height=\"400\" srcset=\"https:\/\/www.radiosanctispiritus.cu\/es\/wp-content\/uploads\/686161672_1277526081173683_5164443791708923639_n-600x400.jpg 600w, https:\/\/www.radiosanctispiritus.cu\/es\/wp-content\/uploads\/686161672_1277526081173683_5164443791708923639_n.jpg 720w\" sizes=\"(max-width: 600px) 100vw, 600px\" \/><\/p>\n<p class=\"ds-markdown-paragraph\">En palabras exclusivas para Radio Sancti Sp\u00edritus, P\u00e9rez Mart\u00edn destac\u00f3 la efervescencia revolucionaria y la empat\u00eda del pueblo con la causa que se construye en medio de circunstancias complejas.<em> \u201cVer un pueblo que marcha con tanta energ\u00eda, con tanto vigor, portando nuestros s\u00edmbolos patrios y la identificaci\u00f3n de cada colectivo laboral, es expresi\u00f3n de la unidad que hemos logrado los cubanos\u201d,<\/em> subray\u00f3.<\/p>\n<p class=\"ds-markdown-paragraph\">La dirigente reconoci\u00f3 las carencias diarias \u2014apagones, falta de transporte, medicamentos y m\u00faltiples limitaciones\u2014 pero enfatiz\u00f3 que el pueblo espirituano <em>\u201ctodos los d\u00edas construye su resistencia, le busca soluciones, no se desune ni desmoviliza\u201d. \u201cEs un pueblo que entiende los or\u00edgenes de estos problemas y est\u00e1 dispuesto a seguir defendiendo la Revoluci\u00f3n\u201d<\/em>, afirm\u00f3.<\/p>\n<p class=\"ds-markdown-paragraph\"><strong>Contra el bloqueo y las amenazas<\/strong><\/p>\n<p><img decoding=\"async\" class=\"size-medium wp-image-68842 aligncenter\" src=\"https:\/\/www.radiosanctispiritus.cu\/es\/wp-content\/uploads\/684127328_1379048204264825_5053917098458190154_n-600x450.jpg\" alt=\"\" width=\"600\" height=\"450\" srcset=\"https:\/\/www.radiosanctispiritus.cu\/es\/wp-content\/uploads\/684127328_1379048204264825_5053917098458190154_n-600x450.jpg 600w, https:\/\/www.radiosanctispiritus.cu\/es\/wp-content\/uploads\/684127328_1379048204264825_5053917098458190154_n-1024x768.jpg 1024w, https:\/\/www.radiosanctispiritus.cu\/es\/wp-content\/uploads\/684127328_1379048204264825_5053917098458190154_n-768x576.jpg 768w, https:\/\/www.radiosanctispiritus.cu\/es\/wp-content\/uploads\/684127328_1379048204264825_5053917098458190154_n.jpg 1280w\" sizes=\"(max-width: 600px) 100vw, 600px\" \/><\/p>\n<p class=\"ds-markdown-paragraph\">Seg\u00fan P\u00e9rez Mart\u00edn, los trabajadores desfilaron tambi\u00e9n en rechazo al bloqueo econ\u00f3mico de Estados Unidos, al cerco energ\u00e9tico y a las amenazas de guerra. <em>\u201cHemos ratificado que somos amantes de la paz, pero no nos vamos a rendir ni a arrodillar. Si nos agreden, este pueblo va a responder con valent\u00eda. Esta Revoluci\u00f3n no la destruye nadie\u201d<\/em>, sentenci\u00f3.<\/p>\n<p class=\"ds-markdown-paragraph\">La primera secretaria del Partido en Sancti Sp\u00edritus subray\u00f3 que la marcha fue, adem\u00e1s, un homenaje al legado del Comandante en Jefe Fidel Castro Ruz en su Centenario. <em>\u201cEste pueblo tiene sentido del momento hist\u00f3rico. Construye, se defiende y se reinventa todos los d\u00edas con sus propios esfuerzos\u201d<\/em>.<\/p>\n<p class=\"ds-markdown-paragraph\"><strong>Palabras finales de la Primera Secretaria<\/strong><\/p>\n<div id=\"attachment_68847\" style=\"width: 610px\" class=\"wp-caption aligncenter\"><img decoding=\"async\" aria-describedby=\"caption-attachment-68847\" class=\"wp-image-68847 size-medium\" src=\"https:\/\/www.radiosanctispiritus.cu\/es\/wp-content\/uploads\/Deivy-5-e1777644739554-600x400.jpg\" alt=\"\" width=\"600\" height=\"400\" srcset=\"https:\/\/www.radiosanctispiritus.cu\/es\/wp-content\/uploads\/Deivy-5-e1777644739554-600x400.jpg 600w, https:\/\/www.radiosanctispiritus.cu\/es\/wp-content\/uploads\/Deivy-5-e1777644739554-1024x682.jpg 1024w, https:\/\/www.radiosanctispiritus.cu\/es\/wp-content\/uploads\/Deivy-5-e1777644739554-768x512.jpg 768w, https:\/\/www.radiosanctispiritus.cu\/es\/wp-content\/uploads\/Deivy-5-e1777644739554-1536x1024.jpg 1536w, https:\/\/www.radiosanctispiritus.cu\/es\/wp-content\/uploads\/Deivy-5-e1777644739554.jpg 2000w\" sizes=\"(max-width: 600px) 100vw, 600px\" \/><p id=\"caption-attachment-68847\" class=\"wp-caption-text\">La miembro del Comit\u00e9 Central del Partido y Primera Secretaria de la organizaci\u00f3n en la provincia elogi\u00f3 la actitud del pueblo espirituano en declaraciones exclusivas a Radio Sancti Sp\u00edritus.<\/p><\/div>\n<p class=\"ds-markdown-paragraph\"><em>\u201cHa sido una gran victoria del pueblo espirituano<\/em> \u2014insisti\u00f3 P\u00e9rez Mart\u00edn\u2014. <em>Felicitamos al pueblo en primer lugar, a todos los sindicatos, a los cuadros que contribuyeron a la movilizaci\u00f3n, a nuestros j\u00f3venes, militantes del Partido, federadas, anapistas, las Fuerzas Armadas Revolucionarias, el Ministerio del Interior y todas las instituciones jur\u00eddicas. Todo un pueblo vestido de verde olivo, con entusiasmo y alegr\u00eda, ratificando que la paz se defiende desde Sancti Sp\u00edritus. \u00a1Porque Sancti Sp\u00edritus no detiene la marcha!\u201d<\/em><\/p>\n<p><iframe src=\"https:\/\/www.ivoox.com\/player_ej_172936611_6_1.html?c1=f12420\" width=\"100%\" height=\"200\" frameborder=\"0\" scrolling=\"no\" allowfullscreen=\"allowfullscreen\"><\/iframe><\/p>\n<p><img decoding=\"async\" class=\"size-medium wp-image-68845 aligncenter\" src=\"https:\/\/www.radiosanctispiritus.cu\/es\/wp-content\/uploads\/686169204_1369503018531157_316147238885376362_n-600x338.jpg\" alt=\"\" width=\"600\" height=\"338\" srcset=\"https:\/\/www.radiosanctispiritus.cu\/es\/wp-content\/uploads\/686169204_1369503018531157_316147238885376362_n-600x338.jpg 600w, https:\/\/www.radiosanctispiritus.cu\/es\/wp-content\/uploads\/686169204_1369503018531157_316147238885376362_n-768x432.jpg 768w, https:\/\/www.radiosanctispiritus.cu\/es\/wp-content\/uploads\/686169204_1369503018531157_316147238885376362_n-605x340.jpg 605w, https:\/\/www.radiosanctispiritus.cu\/es\/wp-content\/uploads\/686169204_1369503018531157_316147238885376362_n-290x163.jpg 290w, https:\/\/www.radiosanctispiritus.cu\/es\/wp-content\/uploads\/686169204_1369503018531157_316147238885376362_n-460x259.jpg 460w, https:\/\/www.radiosanctispiritus.cu\/es\/wp-content\/uploads\/686169204_1369503018531157_316147238885376362_n.jpg 960w\" sizes=\"(max-width: 600px) 100vw, 600px\" \/><\/p>\n<p><img decoding=\"async\" class=\"size-medium wp-image-68846 aligncenter\" src=\"https:\/\/www.radiosanctispiritus.cu\/es\/wp-content\/uploads\/687951586_1379048214264824_8470048105100104585_n-600x450.jpg\" alt=\"\" width=\"600\" height=\"450\" srcset=\"https:\/\/www.radiosanctispiritus.cu\/es\/wp-content\/uploads\/687951586_1379048214264824_8470048105100104585_n-600x450.jpg 600w, https:\/\/www.radiosanctispiritus.cu\/es\/wp-content\/uploads\/687951586_1379048214264824_8470048105100104585_n-1024x768.jpg 1024w, https:\/\/www.radiosanctispiritus.cu\/es\/wp-content\/uploads\/687951586_1379048214264824_8470048105100104585_n-768x576.jpg 768w, https:\/\/www.radiosanctispiritus.cu\/es\/wp-content\/uploads\/687951586_1379048214264824_8470048105100104585_n.jpg 1280w\" sizes=\"(max-width: 600px) 100vw, 600px\" \/><\/p>\n<p>&nbsp;<\/p>\n","protected":false},"excerpt":{"rendered":"<p>Con la conclusi\u00f3n del desfile por el D\u00eda Internacional de los Trabajadores en la Plaza de la Revoluci\u00f3n Mayor General Seraf\u00edn S\u00e1nchez Valdivia, m\u00e1s de 100 mil espirituanos en la cabecera provincial y alrededor de 200 mil en todo el territorio ratificaron que #LaPatriaSeDefiende.<\/p>\n","protected":false},"author":4,"featured_media":68846,"comment_status":"open","ping_status":"open","sticky":false,"template":"","format":"standard","meta":{"_acf_changed":false,"footnotes":""},"categories":[9,1],"tags":[44,74,749,1780,684],"coauthors":[1883],"class_list":["post-68823","post","type-post","status-publish","format-standard","has-post-thumbnail","hentry","category-en-audio","category-sancti-spiritus","tag-deivy-perez-martin","tag-partido-comunista-de-cuba","tag-primero-de-mayo","tag-sancti-spiritus","tag-sindicato"],"acf":[],"_links":{"self":[{"href":"https:\/\/www.radiosanctispiritus.cu\/es\/wp-json\/wp\/v2\/posts\/68823","targetHints":{"allow":["GET"]}}],"collection":[{"href":"https:\/\/www.radiosanctispiritus.cu\/es\/wp-json\/wp\/v2\/posts"}],"about":[{"href":"https:\/\/www.radiosanctispiritus.cu\/es\/wp-json\/wp\/v2\/types\/post"}],"author":[{"embeddable":true,"href":"https:\/\/www.radiosanctispiritus.cu\/es\/wp-json\/wp\/v2\/users\/4"}],"replies":[{"embeddable":true,"href":"https:\/\/www.radiosanctispiritus.cu\/es\/wp-json\/wp\/v2\/comments?post=68823"}],"version-history":[{"count":5,"href":"https:\/\/www.radiosanctispiritus.cu\/es\/wp-json\/wp\/v2\/posts\/68823\/revisions"}],"predecessor-version":[{"id":68890,"href":"https:\/\/www.radiosanctispiritus.cu\/es\/wp-json\/wp\/v2\/posts\/68823\/revisions\/68890"}],"wp:featuredmedia":[{"embeddable":true,"href":"https:\/\/www.radiosanctispiritus.cu\/es\/wp-json\/wp\/v2\/media\/68846"}],"wp:attachment":[{"href":"https:\/\/www.radiosanctispiritus.cu\/es\/wp-json\/wp\/v2\/media?parent=68823"}],"wp:term":[{"taxonomy":"category","embeddable":true,"href":"https:\/\/www.radiosanctispiritus.cu\/es\/wp-json\/wp\/v2\/categories?post=68823"},{"taxonomy":"post_tag","embeddable":true,"href":"https:\/\/www.radiosanctispiritus.cu\/es\/wp-json\/wp\/v2\/tags?post=68823"},{"taxonomy":"author","embeddable":true,"href":"https:\/\/www.radiosanctispiritus.cu\/es\/wp-json\/wp\/v2\/coauthors?post=68823"}],"curies":[{"name":"wp","href":"https:\/\/api.w.org\/{rel}","templated":true}]}}