{"id":68822,"date":"2026-05-01T09:40:58","date_gmt":"2026-05-01T13:40:58","guid":{"rendered":"https:\/\/www.radiosanctispiritus.cu\/es\/?p=68822"},"modified":"2026-05-01T09:48:47","modified_gmt":"2026-05-01T13:48:47","slug":"razon-de-pueblo-confluye-en-la-plaza","status":"publish","type":"post","link":"https:\/\/www.radiosanctispiritus.cu\/es\/razon-de-pueblo-confluye-en-la-plaza\/","title":{"rendered":"Raz\u00f3n de pueblo confluye en la Plaza"},"content":{"rendered":"<p>Volvi\u00f3 a colmarse la Plaza. V\u00edtores, cantos, banderas, arcoiris de unidad, llamado a la paz.<\/p>\n<p>Brisa fresca de pueblo. Pasos firmes, andar por el hoy y el ma\u00f1ana.<\/p>\n<p>La familia, all\u00ed, presente. Porque la Patria se defiende, desde cualquier escenario. Pero hoy decidimos juntar todos los andares, confluir y mostrar la fuerza, cuando la raz\u00f3n nos pertenece.<\/p>\n<p><img decoding=\"async\" class=\"size-medium wp-image-68827 aligncenter\" src=\"https:\/\/www.radiosanctispiritus.cu\/es\/wp-content\/uploads\/Desfile-Plaza-q1-600x392.jpg\" alt=\"\" width=\"600\" height=\"392\" srcset=\"https:\/\/www.radiosanctispiritus.cu\/es\/wp-content\/uploads\/Desfile-Plaza-q1-600x392.jpg 600w, https:\/\/www.radiosanctispiritus.cu\/es\/wp-content\/uploads\/Desfile-Plaza-q1-1024x669.jpg 1024w, https:\/\/www.radiosanctispiritus.cu\/es\/wp-content\/uploads\/Desfile-Plaza-q1-768x502.jpg 768w, https:\/\/www.radiosanctispiritus.cu\/es\/wp-content\/uploads\/Desfile-Plaza-q1-1536x1003.jpg 1536w, https:\/\/www.radiosanctispiritus.cu\/es\/wp-content\/uploads\/Desfile-Plaza-q1-2048x1337.jpg 2048w\" sizes=\"(max-width: 600px) 100vw, 600px\" \/><\/p>\n<p>&nbsp;<\/p>\n<p><img decoding=\"async\" class=\"size-medium wp-image-68828 aligncenter\" src=\"https:\/\/www.radiosanctispiritus.cu\/es\/wp-content\/uploads\/Desfile-Plaza-q3-600x426.jpg\" alt=\"\" width=\"600\" height=\"426\" srcset=\"https:\/\/www.radiosanctispiritus.cu\/es\/wp-content\/uploads\/Desfile-Plaza-q3-600x426.jpg 600w, https:\/\/www.radiosanctispiritus.cu\/es\/wp-content\/uploads\/Desfile-Plaza-q3-1024x726.jpg 1024w, https:\/\/www.radiosanctispiritus.cu\/es\/wp-content\/uploads\/Desfile-Plaza-q3-768x545.jpg 768w, https:\/\/www.radiosanctispiritus.cu\/es\/wp-content\/uploads\/Desfile-Plaza-q3-1536x1090.jpg 1536w, https:\/\/www.radiosanctispiritus.cu\/es\/wp-content\/uploads\/Desfile-Plaza-q3-2048x1453.jpg 2048w\" sizes=\"(max-width: 600px) 100vw, 600px\" \/><\/p>\n<p>&nbsp;<\/p>\n<p><img decoding=\"async\" class=\"size-medium wp-image-68829 aligncenter\" src=\"https:\/\/www.radiosanctispiritus.cu\/es\/wp-content\/uploads\/Desfile-Plaza-q4-600x393.jpg\" alt=\"\" width=\"600\" height=\"393\" srcset=\"https:\/\/www.radiosanctispiritus.cu\/es\/wp-content\/uploads\/Desfile-Plaza-q4-600x393.jpg 600w, https:\/\/www.radiosanctispiritus.cu\/es\/wp-content\/uploads\/Desfile-Plaza-q4-1024x670.jpg 1024w, https:\/\/www.radiosanctispiritus.cu\/es\/wp-content\/uploads\/Desfile-Plaza-q4-768x503.jpg 768w, https:\/\/www.radiosanctispiritus.cu\/es\/wp-content\/uploads\/Desfile-Plaza-q4-1536x1006.jpg 1536w, https:\/\/www.radiosanctispiritus.cu\/es\/wp-content\/uploads\/Desfile-Plaza-q4-2048x1341.jpg 2048w\" sizes=\"(max-width: 600px) 100vw, 600px\" \/><\/p>\n<p>&nbsp;<\/p>\n<p><img decoding=\"async\" class=\"size-medium wp-image-68830 aligncenter\" src=\"https:\/\/www.radiosanctispiritus.cu\/es\/wp-content\/uploads\/Desfile-Plaza-q5-600x432.jpg\" alt=\"\" width=\"600\" height=\"432\" srcset=\"https:\/\/www.radiosanctispiritus.cu\/es\/wp-content\/uploads\/Desfile-Plaza-q5-600x432.jpg 600w, https:\/\/www.radiosanctispiritus.cu\/es\/wp-content\/uploads\/Desfile-Plaza-q5-1024x737.jpg 1024w, https:\/\/www.radiosanctispiritus.cu\/es\/wp-content\/uploads\/Desfile-Plaza-q5-768x553.jpg 768w, https:\/\/www.radiosanctispiritus.cu\/es\/wp-content\/uploads\/Desfile-Plaza-q5-1536x1105.jpg 1536w, https:\/\/www.radiosanctispiritus.cu\/es\/wp-content\/uploads\/Desfile-Plaza-q5-2048x1474.jpg 2048w\" sizes=\"(max-width: 600px) 100vw, 600px\" \/><\/p>\n<p>&nbsp;<\/p>\n<p><img decoding=\"async\" class=\"size-medium wp-image-68831 aligncenter\" src=\"https:\/\/www.radiosanctispiritus.cu\/es\/wp-content\/uploads\/Desfile-Plaza-q7-600x427.jpg\" alt=\"\" width=\"600\" height=\"427\" srcset=\"https:\/\/www.radiosanctispiritus.cu\/es\/wp-content\/uploads\/Desfile-Plaza-q7-600x427.jpg 600w, https:\/\/www.radiosanctispiritus.cu\/es\/wp-content\/uploads\/Desfile-Plaza-q7-1024x729.jpg 1024w, https:\/\/www.radiosanctispiritus.cu\/es\/wp-content\/uploads\/Desfile-Plaza-q7-768x547.jpg 768w, https:\/\/www.radiosanctispiritus.cu\/es\/wp-content\/uploads\/Desfile-Plaza-q7-1536x1093.jpg 1536w, https:\/\/www.radiosanctispiritus.cu\/es\/wp-content\/uploads\/Desfile-Plaza-q7-2048x1457.jpg 2048w\" sizes=\"(max-width: 600px) 100vw, 600px\" \/><\/p>\n<p>&nbsp;<\/p>\n<p><img decoding=\"async\" class=\"size-medium wp-image-68832 aligncenter\" src=\"https:\/\/www.radiosanctispiritus.cu\/es\/wp-content\/uploads\/Desfile-Plaza-q8-600x400.jpg\" alt=\"\" width=\"600\" height=\"400\" srcset=\"https:\/\/www.radiosanctispiritus.cu\/es\/wp-content\/uploads\/Desfile-Plaza-q8-600x400.jpg 600w, https:\/\/www.radiosanctispiritus.cu\/es\/wp-content\/uploads\/Desfile-Plaza-q8-1024x683.jpg 1024w, https:\/\/www.radiosanctispiritus.cu\/es\/wp-content\/uploads\/Desfile-Plaza-q8-768x512.jpg 768w, https:\/\/www.radiosanctispiritus.cu\/es\/wp-content\/uploads\/Desfile-Plaza-q8-1536x1024.jpg 1536w, https:\/\/www.radiosanctispiritus.cu\/es\/wp-content\/uploads\/Desfile-Plaza-q8-2048x1365.jpg 2048w\" sizes=\"(max-width: 600px) 100vw, 600px\" \/><\/p>\n<p>&nbsp;<\/p>\n<p><img decoding=\"async\" class=\"size-medium wp-image-68833 aligncenter\" src=\"https:\/\/www.radiosanctispiritus.cu\/es\/wp-content\/uploads\/Desfile-Plaza-q9-600x400.jpg\" alt=\"\" width=\"600\" height=\"400\" srcset=\"https:\/\/www.radiosanctispiritus.cu\/es\/wp-content\/uploads\/Desfile-Plaza-q9-600x400.jpg 600w, https:\/\/www.radiosanctispiritus.cu\/es\/wp-content\/uploads\/Desfile-Plaza-q9-1024x683.jpg 1024w, https:\/\/www.radiosanctispiritus.cu\/es\/wp-content\/uploads\/Desfile-Plaza-q9-768x512.jpg 768w, https:\/\/www.radiosanctispiritus.cu\/es\/wp-content\/uploads\/Desfile-Plaza-q9-1536x1024.jpg 1536w, https:\/\/www.radiosanctispiritus.cu\/es\/wp-content\/uploads\/Desfile-Plaza-q9-2048x1365.jpg 2048w\" sizes=\"(max-width: 600px) 100vw, 600px\" \/><\/p>\n<p>&nbsp;<\/p>\n<p><img decoding=\"async\" class=\"size-medium wp-image-68834 aligncenter\" src=\"https:\/\/www.radiosanctispiritus.cu\/es\/wp-content\/uploads\/Desfile-Plaza-q10-600x466.jpg\" alt=\"\" width=\"600\" height=\"466\" srcset=\"https:\/\/www.radiosanctispiritus.cu\/es\/wp-content\/uploads\/Desfile-Plaza-q10-600x466.jpg 600w, https:\/\/www.radiosanctispiritus.cu\/es\/wp-content\/uploads\/Desfile-Plaza-q10-1024x795.jpg 1024w, https:\/\/www.radiosanctispiritus.cu\/es\/wp-content\/uploads\/Desfile-Plaza-q10-768x596.jpg 768w, https:\/\/www.radiosanctispiritus.cu\/es\/wp-content\/uploads\/Desfile-Plaza-q10-1536x1192.jpg 1536w, https:\/\/www.radiosanctispiritus.cu\/es\/wp-content\/uploads\/Desfile-Plaza-q10-2048x1590.jpg 2048w\" sizes=\"(max-width: 600px) 100vw, 600px\" \/><\/p>\n<p>&nbsp;<\/p>\n<p><img decoding=\"async\" class=\"size-medium wp-image-68835 aligncenter\" src=\"https:\/\/www.radiosanctispiritus.cu\/es\/wp-content\/uploads\/684432359_1369503021864490_7743699743268274728_n-600x270.jpg\" alt=\"\" width=\"600\" height=\"270\" srcset=\"https:\/\/www.radiosanctispiritus.cu\/es\/wp-content\/uploads\/684432359_1369503021864490_7743699743268274728_n-600x270.jpg 600w, https:\/\/www.radiosanctispiritus.cu\/es\/wp-content\/uploads\/684432359_1369503021864490_7743699743268274728_n-768x346.jpg 768w, https:\/\/www.radiosanctispiritus.cu\/es\/wp-content\/uploads\/684432359_1369503021864490_7743699743268274728_n.jpg 1020w\" sizes=\"(max-width: 600px) 100vw, 600px\" \/><\/p>\n","protected":false},"excerpt":{"rendered":"<p>Volvi\u00f3 a colmarse la Plaza. V\u00edtores, cantos, banderas, arcoiris de unidad, llamado a la paz. Brisa fresca de pueblo. Pasos firmes, andar por el hoy y el ma\u00f1ana. Porque la Patria se defiende, desde cualquier escenario. Pero hoy decidimos juntar todos los andares, confluir y mostrar la fuerza, cuando la raz\u00f3n nos pertenece.<\/p>\n","protected":false},"author":15,"featured_media":68824,"comment_status":"open","ping_status":"open","sticky":false,"template":"","format":"standard","meta":{"_acf_changed":false,"footnotes":""},"categories":[8,11,1],"tags":[791,2325,749],"coauthors":[1884],"class_list":["post-68822","post","type-post","status-publish","format-standard","has-post-thumbnail","hentry","category-noticia","category-fotorreportaje","category-sancti-spiritus","tag-dia-internacional-de-los-trabajadores","tag-patria","tag-primero-de-mayo"],"acf":[],"_links":{"self":[{"href":"https:\/\/www.radiosanctispiritus.cu\/es\/wp-json\/wp\/v2\/posts\/68822","targetHints":{"allow":["GET"]}}],"collection":[{"href":"https:\/\/www.radiosanctispiritus.cu\/es\/wp-json\/wp\/v2\/posts"}],"about":[{"href":"https:\/\/www.radiosanctispiritus.cu\/es\/wp-json\/wp\/v2\/types\/post"}],"author":[{"embeddable":true,"href":"https:\/\/www.radiosanctispiritus.cu\/es\/wp-json\/wp\/v2\/users\/15"}],"replies":[{"embeddable":true,"href":"https:\/\/www.radiosanctispiritus.cu\/es\/wp-json\/wp\/v2\/comments?post=68822"}],"version-history":[{"count":5,"href":"https:\/\/www.radiosanctispiritus.cu\/es\/wp-json\/wp\/v2\/posts\/68822\/revisions"}],"predecessor-version":[{"id":68840,"href":"https:\/\/www.radiosanctispiritus.cu\/es\/wp-json\/wp\/v2\/posts\/68822\/revisions\/68840"}],"wp:featuredmedia":[{"embeddable":true,"href":"https:\/\/www.radiosanctispiritus.cu\/es\/wp-json\/wp\/v2\/media\/68824"}],"wp:attachment":[{"href":"https:\/\/www.radiosanctispiritus.cu\/es\/wp-json\/wp\/v2\/media?parent=68822"}],"wp:term":[{"taxonomy":"category","embeddable":true,"href":"https:\/\/www.radiosanctispiritus.cu\/es\/wp-json\/wp\/v2\/categories?post=68822"},{"taxonomy":"post_tag","embeddable":true,"href":"https:\/\/www.radiosanctispiritus.cu\/es\/wp-json\/wp\/v2\/tags?post=68822"},{"taxonomy":"author","embeddable":true,"href":"https:\/\/www.radiosanctispiritus.cu\/es\/wp-json\/wp\/v2\/coauthors?post=68822"}],"curies":[{"name":"wp","href":"https:\/\/api.w.org\/{rel}","templated":true}]}}