{"id":68797,"date":"2026-04-30T23:32:50","date_gmt":"2026-05-01T03:32:50","guid":{"rendered":"https:\/\/www.radiosanctispiritus.cu\/es\/?p=68797"},"modified":"2026-04-30T23:32:50","modified_gmt":"2026-05-01T03:32:50","slug":"precisa-trabajo-y-seguridad-social-sobre-tratamiento-salarial-por-el-1-de-mayo","status":"publish","type":"post","link":"https:\/\/www.radiosanctispiritus.cu\/es\/precisa-trabajo-y-seguridad-social-sobre-tratamiento-salarial-por-el-1-de-mayo\/","title":{"rendered":"Precisa Trabajo y Seguridad Social sobre tratamiento salarial por el 1 de Mayo"},"content":{"rendered":"<p>El Ministerio de Trabajo y Seguridad Social inform\u00f3 este jueves sobre el tratamiento salarial que corresponde para este 1 de mayo, D\u00eda Internacional de los Trabajadores.<\/p>\n<p><strong>A continuaci\u00f3n, la ACN reproduce \u00edntegramente la nota de prensa:<\/strong><\/p>\n<p>El 1\u00b0 de mayo es un d\u00eda de conmemoraci\u00f3n nacional para celebrar, el \u201cD\u00eda Internacional de los Trabajadores\u201d, conforme lo previsto en el art\u00edculo 94 de la Ley 116, C\u00f3digo de Trabajo, del 20 de diciembre de 2013.<\/p>\n<p>El viernes 1\u00b0 de mayo recesan las actividades laborales, excepto las relacionadas con la zafra azucarera y otros trabajos agr\u00edcolas urgentes, industrias de procesos de producci\u00f3n continua, labores inaplazables de carga y descarga; servicios de transporte y su aseguramiento t\u00e9cnico indispensable, hospitalarios y asistenciales, farmacias, expendios de combustible, funerarias, jardines vinculados con estas y cementerios, servicios de hospedaje, centros tur\u00edsticos, comunicaciones, transmisiones de radio y televisi\u00f3n, servicios p\u00fablicos b\u00e1sicos, actividades de pesca y otras autorizadas por la ley, en cuyo caso se abona el pago doble del salario por todas las horas trabajadas, seg\u00fan el tratamiento salarial previsto en el art\u00edculo 111 del C\u00f3digo de Trabajo.<\/p>\n<p>Los trabajadores que se encuentran disfrutando de vacaciones anuales pagadas, licencias no retribuidas, subsidios de seguridad social o garant\u00edas salariales por los conceptos previstos en la ley, contin\u00faan recibiendo dicho tratamiento.<\/p>\n<p>No corresponde trasladar el descanso del 1ro de mayo de 2026 pues no coincide con el descanso dominical.<\/p>\n","protected":false},"excerpt":{"rendered":"<p>El Ministerio de Trabajo y Seguridad Social inform\u00f3 este jueves sobre el tratamiento salarial que corresponde para este 1 de mayo, D\u00eda Internacional de los Trabajadores.<\/p>\n","protected":false},"author":123,"featured_media":9983,"comment_status":"open","ping_status":"open","sticky":false,"template":"","format":"standard","meta":{"_acf_changed":false,"footnotes":""},"categories":[8,3,16],"tags":[2346,749,580],"coauthors":[1895],"class_list":["post-68797","post","type-post","status-publish","format-standard","has-post-thumbnail","hentry","category-noticia","category-cuba","category-economia","tag-conmemoracion-nacional","tag-primero-de-mayo","tag-trabajo-y-seguridad-social"],"acf":[],"_links":{"self":[{"href":"https:\/\/www.radiosanctispiritus.cu\/es\/wp-json\/wp\/v2\/posts\/68797","targetHints":{"allow":["GET"]}}],"collection":[{"href":"https:\/\/www.radiosanctispiritus.cu\/es\/wp-json\/wp\/v2\/posts"}],"about":[{"href":"https:\/\/www.radiosanctispiritus.cu\/es\/wp-json\/wp\/v2\/types\/post"}],"author":[{"embeddable":true,"href":"https:\/\/www.radiosanctispiritus.cu\/es\/wp-json\/wp\/v2\/users\/123"}],"replies":[{"embeddable":true,"href":"https:\/\/www.radiosanctispiritus.cu\/es\/wp-json\/wp\/v2\/comments?post=68797"}],"version-history":[{"count":1,"href":"https:\/\/www.radiosanctispiritus.cu\/es\/wp-json\/wp\/v2\/posts\/68797\/revisions"}],"predecessor-version":[{"id":68798,"href":"https:\/\/www.radiosanctispiritus.cu\/es\/wp-json\/wp\/v2\/posts\/68797\/revisions\/68798"}],"wp:featuredmedia":[{"embeddable":true,"href":"https:\/\/www.radiosanctispiritus.cu\/es\/wp-json\/wp\/v2\/media\/9983"}],"wp:attachment":[{"href":"https:\/\/www.radiosanctispiritus.cu\/es\/wp-json\/wp\/v2\/media?parent=68797"}],"wp:term":[{"taxonomy":"category","embeddable":true,"href":"https:\/\/www.radiosanctispiritus.cu\/es\/wp-json\/wp\/v2\/categories?post=68797"},{"taxonomy":"post_tag","embeddable":true,"href":"https:\/\/www.radiosanctispiritus.cu\/es\/wp-json\/wp\/v2\/tags?post=68797"},{"taxonomy":"author","embeddable":true,"href":"https:\/\/www.radiosanctispiritus.cu\/es\/wp-json\/wp\/v2\/coauthors?post=68797"}],"curies":[{"name":"wp","href":"https:\/\/api.w.org\/{rel}","templated":true}]}}