{"id":68777,"date":"2026-04-30T16:58:14","date_gmt":"2026-04-30T20:58:14","guid":{"rendered":"https:\/\/www.radiosanctispiritus.cu\/es\/?p=68777"},"modified":"2026-04-30T17:00:26","modified_gmt":"2026-04-30T21:00:26","slug":"feria-agropecuaria-se-convertira-este-viernes-en-el-corazon-de-la-celebracion-por-el-primero-de-mayo-espirituano","status":"publish","type":"post","link":"https:\/\/www.radiosanctispiritus.cu\/es\/feria-agropecuaria-se-convertira-este-viernes-en-el-corazon-de-la-celebracion-por-el-primero-de-mayo-espirituano\/","title":{"rendered":"Feria Agropecuaria abre sus puertas este viernes para celebrar el Primero de Mayo."},"content":{"rendered":"<div class=\"ds-message _63c77b1\">\n<div class=\"ds-markdown\">\n<p class=\"ds-markdown-paragraph\">Sancti Sp\u00edritus celebrar\u00e1 el D\u00eda Internacional del Proletariado con un programa cultural recreativo este viernes, que tendr\u00e1 como escenario principal la Feria Agropecuaria de Delio Luna Echemend\u00eda, en la ciudad cabecera.<\/p>\n<p class=\"ds-markdown-paragraph\">Arnaldo Posada M\u00e9ndez, director de esa instalaci\u00f3n, confirm\u00f3 que se encuentran listos para abrir sus puertas con entrada gratuita para todo el p\u00fablico, luego de que desfilen los espirituanos.<\/p>\n<p class=\"ds-markdown-paragraph\">Las actividades del recinto ferial espirituano se extender\u00e1n hasta las tres de la tarde de este viernes. El domingo retomar\u00e1 su car\u00e1cter agropecuario habitual con ventas de viandas y productos agr\u00edcolas en sus \u00e1reas tradicionales.<\/p>\n<p><iframe src=\"https:\/\/www.ivoox.com\/player_ej_172891882_6_1.html?c1=7a0d0b\" width=\"100%\" height=\"200\" frameborder=\"0\" scrolling=\"no\" allowfullscreen=\"allowfullscreen\"><\/iframe><\/p>\n<\/div>\n<\/div>\n","protected":false},"excerpt":{"rendered":"<p>Sancti Sp\u00edritus celebrar\u00e1 el D\u00eda Internacional del Proletariado con un programa cultural recreativo este viernes, que tendr\u00e1 como escenario principal la Feria Agropecuaria de Delio Luna Echemend\u00eda, en la ciudad cabecera.<\/p>\n","protected":false},"author":166,"featured_media":68781,"comment_status":"open","ping_status":"open","sticky":false,"template":"","format":"standard","meta":{"_acf_changed":false,"footnotes":""},"categories":[8,9,1],"tags":[],"coauthors":[1901],"class_list":["post-68777","post","type-post","status-publish","format-standard","has-post-thumbnail","hentry","category-noticia","category-en-audio","category-sancti-spiritus"],"acf":[],"_links":{"self":[{"href":"https:\/\/www.radiosanctispiritus.cu\/es\/wp-json\/wp\/v2\/posts\/68777","targetHints":{"allow":["GET"]}}],"collection":[{"href":"https:\/\/www.radiosanctispiritus.cu\/es\/wp-json\/wp\/v2\/posts"}],"about":[{"href":"https:\/\/www.radiosanctispiritus.cu\/es\/wp-json\/wp\/v2\/types\/post"}],"author":[{"embeddable":true,"href":"https:\/\/www.radiosanctispiritus.cu\/es\/wp-json\/wp\/v2\/users\/166"}],"replies":[{"embeddable":true,"href":"https:\/\/www.radiosanctispiritus.cu\/es\/wp-json\/wp\/v2\/comments?post=68777"}],"version-history":[{"count":2,"href":"https:\/\/www.radiosanctispiritus.cu\/es\/wp-json\/wp\/v2\/posts\/68777\/revisions"}],"predecessor-version":[{"id":68785,"href":"https:\/\/www.radiosanctispiritus.cu\/es\/wp-json\/wp\/v2\/posts\/68777\/revisions\/68785"}],"wp:featuredmedia":[{"embeddable":true,"href":"https:\/\/www.radiosanctispiritus.cu\/es\/wp-json\/wp\/v2\/media\/68781"}],"wp:attachment":[{"href":"https:\/\/www.radiosanctispiritus.cu\/es\/wp-json\/wp\/v2\/media?parent=68777"}],"wp:term":[{"taxonomy":"category","embeddable":true,"href":"https:\/\/www.radiosanctispiritus.cu\/es\/wp-json\/wp\/v2\/categories?post=68777"},{"taxonomy":"post_tag","embeddable":true,"href":"https:\/\/www.radiosanctispiritus.cu\/es\/wp-json\/wp\/v2\/tags?post=68777"},{"taxonomy":"author","embeddable":true,"href":"https:\/\/www.radiosanctispiritus.cu\/es\/wp-json\/wp\/v2\/coauthors?post=68777"}],"curies":[{"name":"wp","href":"https:\/\/api.w.org\/{rel}","templated":true}]}}