{"id":68771,"date":"2026-05-01T00:33:13","date_gmt":"2026-05-01T04:33:13","guid":{"rendered":"https:\/\/www.radiosanctispiritus.cu\/es\/?p=68771"},"modified":"2026-04-30T22:50:30","modified_gmt":"2026-05-01T02:50:30","slug":"sancti-spiritus-ya-esta-en-primero-de-mayo","status":"publish","type":"post","link":"https:\/\/www.radiosanctispiritus.cu\/es\/sancti-spiritus-ya-esta-en-primero-de-mayo\/","title":{"rendered":"Sancti Sp\u00edritus ya est\u00e1 en Primero de Mayo"},"content":{"rendered":"<p>Tras ejecutar acciones que se han hecho sentir hasta en los m\u00e1s rec\u00f3nditos parajes de la geograf\u00eda espirituana pese al hostigamiento imperial, los trabajadores de esta central provincial cubana est\u00e1n listos para volver a tomar calles y plazas de la ciudad del Yayabo y del resto de las cabeceras municipales durante la celebraci\u00f3n este Primero de Mayo del D\u00eda Internacional del Proletariado.<\/p>\n<p>Desde horas tempranas de este viernes, los participantes, entre quienes tambi\u00e9n se incluyen estudiantes, campesinos, amas de casa y jubilados, se reunir\u00e1n en sus puntos de concentraci\u00f3n para a las siete de la ma\u00f1ana dar inicio a los desfiles, que devendr\u00e1n marcha por la paz, contra el bloqueo de EE.UU. y de rechazo a las groseras amenazas imperiales a nuestro pa\u00eds.<\/p>\n<p><img decoding=\"async\" class=\" wp-image-68792 alignleft\" src=\"https:\/\/www.radiosanctispiritus.cu\/es\/wp-content\/uploads\/Plaza-2-600x481.jpg\" alt=\"\" width=\"196\" height=\"157\" srcset=\"https:\/\/www.radiosanctispiritus.cu\/es\/wp-content\/uploads\/Plaza-2-600x481.jpg 600w, https:\/\/www.radiosanctispiritus.cu\/es\/wp-content\/uploads\/Plaza-2-1024x820.jpg 1024w, https:\/\/www.radiosanctispiritus.cu\/es\/wp-content\/uploads\/Plaza-2-768x615.jpg 768w, https:\/\/www.radiosanctispiritus.cu\/es\/wp-content\/uploads\/Plaza-2-1536x1231.jpg 1536w, https:\/\/www.radiosanctispiritus.cu\/es\/wp-content\/uploads\/Plaza-2-2048x1641.jpg 2048w\" sizes=\"(max-width: 196px) 100vw, 196px\" \/>Ekaterina Gowen Dickinson, miembro del Comit\u00e9 Central del Partido Comunista de Cuba y secretaria general de la CTC en la provincia, precis\u00f3 que en Sancti Sp\u00edritus se concibieron 16 bloques, \u00abque comprenden los 15 sindicatos y el bloque donde se re\u00fanen m\u00e1s de mil j\u00f3venes. Nosotros comenzamos el desfile con el Sindicato de la Alimentaria y la Pesca, y culminamos con el Sindicato Agropecuario, con la caballeriza que estamos acostumbrados, previo al bloque de j\u00f3venes, con un monte de banderas\u00bb.<\/p>\n<p>&nbsp;<\/p>\n<p><img decoding=\"async\" class=\" wp-image-68793 alignright\" src=\"https:\/\/www.radiosanctispiritus.cu\/es\/wp-content\/uploads\/Plaza-4-600x418.jpg\" alt=\"\" width=\"245\" height=\"171\" srcset=\"https:\/\/www.radiosanctispiritus.cu\/es\/wp-content\/uploads\/Plaza-4-600x418.jpg 600w, https:\/\/www.radiosanctispiritus.cu\/es\/wp-content\/uploads\/Plaza-4-1024x714.jpg 1024w, https:\/\/www.radiosanctispiritus.cu\/es\/wp-content\/uploads\/Plaza-4-768x535.jpg 768w, https:\/\/www.radiosanctispiritus.cu\/es\/wp-content\/uploads\/Plaza-4-1536x1070.jpg 1536w, https:\/\/www.radiosanctispiritus.cu\/es\/wp-content\/uploads\/Plaza-4-2048x1427.jpg 2048w\" sizes=\"(max-width: 245px) 100vw, 245px\" \/>La m\u00e1xima dirigente obrera del territorio ratific\u00f3 que en todos los municipios se van a desarrollar desfiles en las cabeceras, a la vez que convoc\u00f3 al pueblo espirituano a incorporarse a las plaza Mayor General Seraf\u00edn S\u00e1nchez una\u00a0 vez que haya desfilado, por los diferentes sindicatos, \u00abporque al final, cuando entre el bloque de j\u00f3venes, entre todos vamos a cantar La Internacional, como ya es tradicional en nuestra provincia\u00bb.<\/p>\n<p><img decoding=\"async\" class=\"alignnone  wp-image-68795\" src=\"https:\/\/www.radiosanctispiritus.cu\/es\/wp-content\/uploads\/Primero-de-mayo-2026-600x503.jpg\" alt=\"\" width=\"655\" height=\"549\" srcset=\"https:\/\/www.radiosanctispiritus.cu\/es\/wp-content\/uploads\/Primero-de-mayo-2026-600x503.jpg 600w, https:\/\/www.radiosanctispiritus.cu\/es\/wp-content\/uploads\/Primero-de-mayo-2026-768x644.jpg 768w, https:\/\/www.radiosanctispiritus.cu\/es\/wp-content\/uploads\/Primero-de-mayo-2026.jpg 940w\" sizes=\"(max-width: 655px) 100vw, 655px\" \/><\/p>\n<p><iframe src=\"https:\/\/www.ivoox.com\/player_ej_172892867_6_1.html?c1=7a0d0b\" width=\"100%\" height=\"200\" frameborder=\"0\" scrolling=\"no\" allowfullscreen=\"allowfullscreen\"><\/iframe><\/p>\n","protected":false},"excerpt":{"rendered":"<p>Tras ejecutar acciones que se han hecho sentir hasta en los m\u00e1s rec\u00f3nditos parajes de la geograf\u00eda espirituana pese al hostigamiento imperial, los trabajadores de esta central provincial cubana est\u00e1n listos para volver a tomar calles y plazas de la ciudad del Yayabo y del resto de las cabeceras municipales durante la celebraci\u00f3n este Primero de Mayo del D\u00eda Internacional del Proletariado.<\/p>\n","protected":false},"author":4,"featured_media":68791,"comment_status":"open","ping_status":"open","sticky":false,"template":"","format":"standard","meta":{"_acf_changed":false,"footnotes":""},"categories":[9,8,1],"tags":[1154,408,791,749,750],"coauthors":[1883,1865],"class_list":["post-68771","post","type-post","status-publish","format-standard","has-post-thumbnail","hentry","category-en-audio","category-noticia","category-sancti-spiritus","tag-central-de-trabajadores-de-cuba","tag-ctc","tag-dia-internacional-de-los-trabajadores","tag-primero-de-mayo","tag-trabajadores"],"acf":[],"_links":{"self":[{"href":"https:\/\/www.radiosanctispiritus.cu\/es\/wp-json\/wp\/v2\/posts\/68771","targetHints":{"allow":["GET"]}}],"collection":[{"href":"https:\/\/www.radiosanctispiritus.cu\/es\/wp-json\/wp\/v2\/posts"}],"about":[{"href":"https:\/\/www.radiosanctispiritus.cu\/es\/wp-json\/wp\/v2\/types\/post"}],"author":[{"embeddable":true,"href":"https:\/\/www.radiosanctispiritus.cu\/es\/wp-json\/wp\/v2\/users\/4"}],"replies":[{"embeddable":true,"href":"https:\/\/www.radiosanctispiritus.cu\/es\/wp-json\/wp\/v2\/comments?post=68771"}],"version-history":[{"count":5,"href":"https:\/\/www.radiosanctispiritus.cu\/es\/wp-json\/wp\/v2\/posts\/68771\/revisions"}],"predecessor-version":[{"id":68796,"href":"https:\/\/www.radiosanctispiritus.cu\/es\/wp-json\/wp\/v2\/posts\/68771\/revisions\/68796"}],"wp:featuredmedia":[{"embeddable":true,"href":"https:\/\/www.radiosanctispiritus.cu\/es\/wp-json\/wp\/v2\/media\/68791"}],"wp:attachment":[{"href":"https:\/\/www.radiosanctispiritus.cu\/es\/wp-json\/wp\/v2\/media?parent=68771"}],"wp:term":[{"taxonomy":"category","embeddable":true,"href":"https:\/\/www.radiosanctispiritus.cu\/es\/wp-json\/wp\/v2\/categories?post=68771"},{"taxonomy":"post_tag","embeddable":true,"href":"https:\/\/www.radiosanctispiritus.cu\/es\/wp-json\/wp\/v2\/tags?post=68771"},{"taxonomy":"author","embeddable":true,"href":"https:\/\/www.radiosanctispiritus.cu\/es\/wp-json\/wp\/v2\/coauthors?post=68771"}],"curies":[{"name":"wp","href":"https:\/\/api.w.org\/{rel}","templated":true}]}}