{"id":68762,"date":"2026-05-01T00:25:57","date_gmt":"2026-05-01T04:25:57","guid":{"rendered":"https:\/\/www.radiosanctispiritus.cu\/es\/?p=68762"},"modified":"2026-04-30T17:00:09","modified_gmt":"2026-04-30T21:00:09","slug":"fidel-y-su-concepto-indivisible-de-revolucion","status":"publish","type":"post","link":"https:\/\/www.radiosanctispiritus.cu\/es\/fidel-y-su-concepto-indivisible-de-revolucion\/","title":{"rendered":"Fidel y su concepto indivisible de Revoluci\u00f3n"},"content":{"rendered":"<p><strong><em>Revoluci\u00f3n es sentido del momento hist\u00f3rico, es cambiar todo lo que debe ser cambiado, es igualdad y libertad plena.<\/em><\/strong><\/p>\n<p>Hace 26 a\u00f1os, frente a la multitud reunida en la Plaza Jos\u00e9 Mart\u00ed de La Habana, Fidel expres\u00f3 un concepto que en admirable s\u00edntesis y clarividencia pol\u00edtica defin\u00eda las esencias mismas de la Revoluci\u00f3n Cubana.<\/p>\n<p><strong><em>Revoluci\u00f3n es emanciparnos por nosotros mismos y con nuestros propios esfuerzos. Es defender valores en lo que se cree al precio de cualquier sacrificio.<\/em><\/strong><\/p>\n<p>Era el primero de mayo del a\u00f1o 2000, una ma\u00f1ana proletaria cuando el Fidel Guerrillero leg\u00f3 para Cuba, para la humanidad, sus ideas de que era para \u00e9l la Revoluci\u00f3n.<\/p>\n<p><strong><em>Es ser tratado y tratar a los dem\u00e1s como seres humanos.<\/em><\/strong><\/p>\n<p>As\u00ed lo enunciaba el Fidel pol\u00edtico y revolucionario que se hizo los caminos de la historia siempre en franco desaf\u00edo al peligro, poniendo el pecho, sin m\u00e1s chaleco protector que el coraje y la fe en sus ideas.<\/p>\n<p>El primero de mayo del a\u00f1o 2000, quien defin\u00eda el concepto de Revoluci\u00f3n era el Comandante de verdeolivo, a quien le asist\u00eda la experiencia del Moncada y la Sierra Maestra, quien luego del triunfo revolucionario de 1959 reparti\u00f3 por igual la tierra, el saber y la sanaci\u00f3n entre los excluidos y olvidados. Para Fidel, la revoluci\u00f3n tambi\u00e9n es&#8230;<\/p>\n<p><strong><em>Es convicci\u00f3n profunda de que no existe fuerza en el mundo capaz de aplastar la fuerza de la verdad y las ideas.<\/em><\/strong><\/p>\n<p>Martiano declarado, Fidel suscribi\u00f3 el precepto de su Maestro: Una idea justa desde el fondo de una cueva puede m\u00e1s que un ej\u00e9rcito. Pocas veces un l\u00edder expres\u00f3 tanto en un concepto indivisible, m\u00e1s hoy que Cuba vive d\u00edas en extremo complejos, en medio de una exacerbaci\u00f3n hasta l\u00edmites nunca vistos de la pol\u00edtica de m\u00e1xima presi\u00f3n estadounidense contra la isla.<\/p>\n<p><strong><em>Revoluci\u00f3n es unidad, es independencia, es luchar por nuestro sue\u00f1o de justicia para Cuba y para el mundo, que es la base de nuestro patriotismo, nuestro socialismo y nuestro internacionalismo.<\/em><\/strong><\/p>\n<p><iframe src=\"https:\/\/www.ivoox.com\/player_ej_172892075_6_1.html?c1=7a0d0b\" width=\"100%\" height=\"200\" frameborder=\"0\" scrolling=\"no\" allowfullscreen=\"allowfullscreen\"><\/iframe><\/p>\n","protected":false},"excerpt":{"rendered":"<p>Hace 26 a\u00f1os, frente a la multitud reunida aquel Primero de Mayo en la Plaza Jos\u00e9 Mart\u00ed de La Habana, Fidel expres\u00f3 un concepto que en admirable s\u00edntesis y clarividencia pol\u00edtica defin\u00eda las esencias mismas de la Revoluci\u00f3n Cubana.<\/p>\n","protected":false},"author":10,"featured_media":68768,"comment_status":"open","ping_status":"open","sticky":false,"template":"","format":"standard","meta":{"_acf_changed":false,"footnotes":""},"categories":[3,9,8,1],"tags":[183,749,253],"coauthors":[1896],"class_list":["post-68762","post","type-post","status-publish","format-standard","has-post-thumbnail","hentry","category-cuba","category-en-audio","category-noticia","category-sancti-spiritus","tag-fidel-castro","tag-primero-de-mayo","tag-revolucion"],"acf":[],"_links":{"self":[{"href":"https:\/\/www.radiosanctispiritus.cu\/es\/wp-json\/wp\/v2\/posts\/68762","targetHints":{"allow":["GET"]}}],"collection":[{"href":"https:\/\/www.radiosanctispiritus.cu\/es\/wp-json\/wp\/v2\/posts"}],"about":[{"href":"https:\/\/www.radiosanctispiritus.cu\/es\/wp-json\/wp\/v2\/types\/post"}],"author":[{"embeddable":true,"href":"https:\/\/www.radiosanctispiritus.cu\/es\/wp-json\/wp\/v2\/users\/10"}],"replies":[{"embeddable":true,"href":"https:\/\/www.radiosanctispiritus.cu\/es\/wp-json\/wp\/v2\/comments?post=68762"}],"version-history":[{"count":5,"href":"https:\/\/www.radiosanctispiritus.cu\/es\/wp-json\/wp\/v2\/posts\/68762\/revisions"}],"predecessor-version":[{"id":68770,"href":"https:\/\/www.radiosanctispiritus.cu\/es\/wp-json\/wp\/v2\/posts\/68762\/revisions\/68770"}],"wp:featuredmedia":[{"embeddable":true,"href":"https:\/\/www.radiosanctispiritus.cu\/es\/wp-json\/wp\/v2\/media\/68768"}],"wp:attachment":[{"href":"https:\/\/www.radiosanctispiritus.cu\/es\/wp-json\/wp\/v2\/media?parent=68762"}],"wp:term":[{"taxonomy":"category","embeddable":true,"href":"https:\/\/www.radiosanctispiritus.cu\/es\/wp-json\/wp\/v2\/categories?post=68762"},{"taxonomy":"post_tag","embeddable":true,"href":"https:\/\/www.radiosanctispiritus.cu\/es\/wp-json\/wp\/v2\/tags?post=68762"},{"taxonomy":"author","embeddable":true,"href":"https:\/\/www.radiosanctispiritus.cu\/es\/wp-json\/wp\/v2\/coauthors?post=68762"}],"curies":[{"name":"wp","href":"https:\/\/api.w.org\/{rel}","templated":true}]}}