{"id":68754,"date":"2026-05-01T00:21:07","date_gmt":"2026-05-01T04:21:07","guid":{"rendered":"https:\/\/www.radiosanctispiritus.cu\/es\/?p=68754"},"modified":"2026-04-30T17:34:22","modified_gmt":"2026-04-30T21:34:22","slug":"programa-cultural-y-recreativo-complementara-este-primero-de-mayo-en-sancti-spiritus","status":"publish","type":"post","link":"https:\/\/www.radiosanctispiritus.cu\/es\/programa-cultural-y-recreativo-complementara-este-primero-de-mayo-en-sancti-spiritus\/","title":{"rendered":"Programa cultural y recreativo complementar\u00e1 este Primero de Mayo en Sancti Sp\u00edritus"},"content":{"rendered":"<div dir=\"auto\">Sancti Sp\u00edritus celebrar\u00e1 el D\u00eda Internacional del Proletariado con un programa cultural y recreativo este viernes, que tendr\u00e1 como escenario principal la Feria Agropecuaria Delio Luna Echemend\u00eda de la ciudad cabecera.<\/div>\n<div dir=\"auto\"><\/div>\n<div dir=\"auto\">Arnaldo Posada M\u00e9ndez, director de esa instalaci\u00f3n confirm\u00f3 que se encuentran listos para abrir sus puertas a partir de las OCHO de la ma\u00f1ana con entrada gratuita para todo el p\u00fablico luego de desfilar los espirituanos.<\/div>\n<div dir=\"auto\"><\/div>\n<div dir=\"auto\">All\u00ed se ofertar\u00e1n productos gastron\u00f3micos como caldoza, bocaditos, bebidas, entre otros comestibles, gracias a la participaci\u00f3n de empresas locales y se sumar\u00e1n trabajadores por cuenta propia con variadas ofertas de alimentos.<\/div>\n<div dir=\"auto\"><\/div>\n<div dir=\"auto\">La m\u00fasica tambi\u00e9n ser\u00e1 protagonista de los festejos en la Feria con la agrupaci\u00f3n Mi Nuevo Son que animar\u00e1 la jornada con su actuaci\u00f3n y en la Pista de Rodeo se desarrollar\u00e1 tambi\u00e9n un torneo ecuestre como el enlace de la argolla.<\/div>\n<div dir=\"auto\"><\/div>\n<div dir=\"auto\">Posada M\u00e9ndez asegur\u00f3 que para que la celebraci\u00f3n transcurra sin contratiempos se han previsto todas las condiciones organizativas y de seguridad, con presencia de inspectores y la Polic\u00eda Nacional Revolucionaria del territorio.<\/div>\n<div dir=\"auto\"><\/div>\n<div dir=\"auto\">Las actividades del recinto ferial espirituano se extender\u00e1n hasta las tres de la tarde de este viernes y el domingo retomar\u00e1 su car\u00e1cter agropecuario habitual, con ventas de viandas y productos agr\u00edcolas en sus \u00e1reas tradicionales.<\/div>\n<div dir=\"auto\"><\/div>\n<div dir=\"auto\">Con m\u00fasica, gastronom\u00eda, deporte y tradici\u00f3n, la Feria Agropecuaria Delio Luna Echemend\u00eda se convertir\u00e1 este viernes en el coraz\u00f3n de la celebraci\u00f3n por el Primero de Mayo espirituano, mientras cada municipio de la provincia aporta sus propias iniciativas.<\/div>\n<div dir=\"auto\"><iframe src=\"https:\/\/www.ivoox.com\/player_ej_172891882_6_1.html?c1=7a0d0b\" width=\"100%\" height=\"200\" frameborder=\"0\" scrolling=\"no\" allowfullscreen=\"allowfullscreen\"><\/iframe><\/div>\n","protected":false},"excerpt":{"rendered":"<p>Sancti Sp\u00edritus celebrar\u00e1 el D\u00eda Internacional del Proletariado con un programa cultural y recreativo este viernes, que tendr\u00e1 como escenario principal la Feria Agropecuaria Delio Luna Echemend\u00eda de la ciudad cabecera.<\/p>\n","protected":false},"author":166,"featured_media":68759,"comment_status":"open","ping_status":"open","sticky":false,"template":"","format":"standard","meta":{"_acf_changed":false,"footnotes":""},"categories":[8,9,1],"tags":[2344,2345,749,750],"coauthors":[1901],"class_list":["post-68754","post","type-post","status-publish","format-standard","has-post-thumbnail","hentry","category-noticia","category-en-audio","category-sancti-spiritus","tag-feria-agropecuaria","tag-feria-delio-luna","tag-primero-de-mayo","tag-trabajadores"],"acf":[],"_links":{"self":[{"href":"https:\/\/www.radiosanctispiritus.cu\/es\/wp-json\/wp\/v2\/posts\/68754","targetHints":{"allow":["GET"]}}],"collection":[{"href":"https:\/\/www.radiosanctispiritus.cu\/es\/wp-json\/wp\/v2\/posts"}],"about":[{"href":"https:\/\/www.radiosanctispiritus.cu\/es\/wp-json\/wp\/v2\/types\/post"}],"author":[{"embeddable":true,"href":"https:\/\/www.radiosanctispiritus.cu\/es\/wp-json\/wp\/v2\/users\/166"}],"replies":[{"embeddable":true,"href":"https:\/\/www.radiosanctispiritus.cu\/es\/wp-json\/wp\/v2\/comments?post=68754"}],"version-history":[{"count":4,"href":"https:\/\/www.radiosanctispiritus.cu\/es\/wp-json\/wp\/v2\/posts\/68754\/revisions"}],"predecessor-version":[{"id":68761,"href":"https:\/\/www.radiosanctispiritus.cu\/es\/wp-json\/wp\/v2\/posts\/68754\/revisions\/68761"}],"wp:featuredmedia":[{"embeddable":true,"href":"https:\/\/www.radiosanctispiritus.cu\/es\/wp-json\/wp\/v2\/media\/68759"}],"wp:attachment":[{"href":"https:\/\/www.radiosanctispiritus.cu\/es\/wp-json\/wp\/v2\/media?parent=68754"}],"wp:term":[{"taxonomy":"category","embeddable":true,"href":"https:\/\/www.radiosanctispiritus.cu\/es\/wp-json\/wp\/v2\/categories?post=68754"},{"taxonomy":"post_tag","embeddable":true,"href":"https:\/\/www.radiosanctispiritus.cu\/es\/wp-json\/wp\/v2\/tags?post=68754"},{"taxonomy":"author","embeddable":true,"href":"https:\/\/www.radiosanctispiritus.cu\/es\/wp-json\/wp\/v2\/coauthors?post=68754"}],"curies":[{"name":"wp","href":"https:\/\/api.w.org\/{rel}","templated":true}]}}