{"id":68748,"date":"2026-04-30T18:21:36","date_gmt":"2026-04-30T22:21:36","guid":{"rendered":"https:\/\/www.radiosanctispiritus.cu\/es\/?p=68748"},"modified":"2026-04-30T15:29:14","modified_gmt":"2026-04-30T19:29:14","slug":"requiem-por-virgilio-subira-a-escena-este-fin-de-semana-en-sancti-spiritus","status":"publish","type":"post","link":"https:\/\/www.radiosanctispiritus.cu\/es\/requiem-por-virgilio-subira-a-escena-este-fin-de-semana-en-sancti-spiritus\/","title":{"rendered":"Requiem por Virgilio subir\u00e1 a escena este fin de semana en Sancti Sp\u00edritus"},"content":{"rendered":"<p>Requiem por Virgilio, la puesta en escena de estreno del grupo Teatro Garabato, que se convirti\u00f3 en el ejercicio de graduaci\u00f3n del actor espirituano Humberto Daniel Toledo Gonz\u00e1lez, subir\u00e1 a las 4 de la tarde de este s\u00e1bado y domingo al escenario del Centro para las Artes Seraf\u00edn S\u00e1nchez Valdivia de la Urbe del Yayabo.<\/p>\n<p>\u201cEs una acertada recreaci\u00f3n teatral de los cuentos El insomnio, la cena y la carne del escritor Virgilio Pi\u00f1era, dirigida por Jos\u00e9 \u00c1ngel Meneses y F\u00e9lix Ram\u00f3n Delgado Barrizonte, quien concret\u00f3 la trama como&#8230;\u201cEstamos hablando de un hombre que afronta diferentes vicisitudes y decide suicidarse al final. La apuesta pone sobre el escenario la Cuba contempor\u00e1nea, aunque los tres textos fueron escritos en la d\u00e9cada de los 40 del siglo XX. El colectivo art\u00edstico se auxilia de recursos m\u00ednimos en cuanto a escenograf\u00eda y luces, as\u00ed como una banda sonora seleccionando con cuidado e indagaci\u00f3n hist\u00f3rica. Requiem, a partir tambi\u00e9n de la semilla del propio significado o vocablo requiem, pues acudimos a todo este tema de velas, a toda esa penumbra, a toda la banda sonora que es un requiem, por cierto, de Mozart. Y entonces quisimos y queremos apostar por esa penumbra en un personaje con tantas carencias materiales.<br \/>\nSe tocan muchos temas sociales en estos momentos, las vicisitudes, el hambre, la demagogia\u201d.<\/p>\n<p>\u201cEntonces yo creo que el p\u00fablico de alguna forma se ha sentido identificado a partir de esa visualidad que se ofrece cuando uno se sienta como espectador a ver la puesta en escena. Una apuesta que es, si bien apostamos por lo que los muchachos puedan defender,<br \/>\ntambi\u00e9n por irla mejorando en la medida que pasa el tiempo y en todas estas opiniones que cr\u00edticos, especialistas y p\u00fablico en general tambi\u00e9n ha propiciado a partir de ese debate que se hizo en las primeras presentaciones que sirvieron como ejercicio de cr\u00edtica para uno poder saber por d\u00f3nde iba y si lo que hab\u00edamos pensado y lo que se hab\u00eda llevado a escena era funcional para el p\u00fablico que asiste a la sala\u201d.<\/p>\n<p>Requiem por Virgilio, puesta en escena que rompe con lo realizado en los \u00faltimos a\u00f1os en Sancti Spiritus, formar\u00e1 parte de la programaci\u00f3n del Centro para las Artes Seraf\u00edn S\u00e1nchez Valdivia durante varios fines de semana y se prev\u00e9 que llegue a algunos municipios de este territorio.<\/p>\n<p><iframe src=\"https:\/\/www.ivoox.com\/player_ej_172890363_6_1.html?c1=7a0d0b\" width=\"100%\" height=\"200\" frameborder=\"0\" scrolling=\"no\" allowfullscreen=\"allowfullscreen\"><\/iframe><\/p>\n","protected":false},"excerpt":{"rendered":"<p>Requiem por Virgilio, la puesta en escena de estreno del grupo Teatro Garabato, que se convirti\u00f3 en el ejercicio de graduaci\u00f3n del actor espirituano Humberto Daniel Toledo Gonz\u00e1lez, subir\u00e1 a las 4 de la tarde de este s\u00e1bado y domingo al escenario del Centro para las Artes Seraf\u00edn S\u00e1nchez Valdivia de la Urbe del Yayabo. [&hellip;]<\/p>\n","protected":false},"author":12,"featured_media":68752,"comment_status":"open","ping_status":"open","sticky":false,"template":"","format":"standard","meta":{"_acf_changed":false,"footnotes":""},"categories":[6,9],"tags":[],"coauthors":[1864],"class_list":["post-68748","post","type-post","status-publish","format-standard","has-post-thumbnail","hentry","category-cultura","category-en-audio"],"acf":[],"_links":{"self":[{"href":"https:\/\/www.radiosanctispiritus.cu\/es\/wp-json\/wp\/v2\/posts\/68748","targetHints":{"allow":["GET"]}}],"collection":[{"href":"https:\/\/www.radiosanctispiritus.cu\/es\/wp-json\/wp\/v2\/posts"}],"about":[{"href":"https:\/\/www.radiosanctispiritus.cu\/es\/wp-json\/wp\/v2\/types\/post"}],"author":[{"embeddable":true,"href":"https:\/\/www.radiosanctispiritus.cu\/es\/wp-json\/wp\/v2\/users\/12"}],"replies":[{"embeddable":true,"href":"https:\/\/www.radiosanctispiritus.cu\/es\/wp-json\/wp\/v2\/comments?post=68748"}],"version-history":[{"count":1,"href":"https:\/\/www.radiosanctispiritus.cu\/es\/wp-json\/wp\/v2\/posts\/68748\/revisions"}],"predecessor-version":[{"id":68753,"href":"https:\/\/www.radiosanctispiritus.cu\/es\/wp-json\/wp\/v2\/posts\/68748\/revisions\/68753"}],"wp:featuredmedia":[{"embeddable":true,"href":"https:\/\/www.radiosanctispiritus.cu\/es\/wp-json\/wp\/v2\/media\/68752"}],"wp:attachment":[{"href":"https:\/\/www.radiosanctispiritus.cu\/es\/wp-json\/wp\/v2\/media?parent=68748"}],"wp:term":[{"taxonomy":"category","embeddable":true,"href":"https:\/\/www.radiosanctispiritus.cu\/es\/wp-json\/wp\/v2\/categories?post=68748"},{"taxonomy":"post_tag","embeddable":true,"href":"https:\/\/www.radiosanctispiritus.cu\/es\/wp-json\/wp\/v2\/tags?post=68748"},{"taxonomy":"author","embeddable":true,"href":"https:\/\/www.radiosanctispiritus.cu\/es\/wp-json\/wp\/v2\/coauthors?post=68748"}],"curies":[{"name":"wp","href":"https:\/\/api.w.org\/{rel}","templated":true}]}}