{"id":68746,"date":"2026-04-30T18:10:33","date_gmt":"2026-04-30T22:10:33","guid":{"rendered":"https:\/\/www.radiosanctispiritus.cu\/es\/?p=68746"},"modified":"2026-04-30T15:33:34","modified_gmt":"2026-04-30T19:33:34","slug":"avanza-en-yaguajay-ejecucion-de-la-campana-de-vacunacion-antipoliomielitica","status":"publish","type":"post","link":"https:\/\/www.radiosanctispiritus.cu\/es\/avanza-en-yaguajay-ejecucion-de-la-campana-de-vacunacion-antipoliomielitica\/","title":{"rendered":"Avanza en Yaguajay ejecuci\u00f3n de la campa\u00f1a de vacunaci\u00f3n antipoliomi\u00e9litica"},"content":{"rendered":"<p>Desde este 27 de abril inici\u00f3 en Yaguajay, como en todo el pa\u00eds, la primera etapa de la 65 campa\u00f1a de vacunaci\u00f3n antipoliomiel\u00edtica oral bivalente, acci\u00f3n de la salud p\u00fablica que reafirma el compromiso de Cuba con la protecci\u00f3n de la infancia y el mantenimiento de la eliminaci\u00f3n de esta enfermedad desde 1962.<\/p>\n<p>As\u00ed lo explic\u00f3 a la radio Aisley Nisada P\u00e9rez, asesora del programa de inmunizaci\u00f3n en la Direcci\u00f3n Municipal de Salud, quien destac\u00f3 que \u201cen esta primera fase recibir\u00e1n el inmun\u00f3geno unos 891 infantes, mientras que en la segunda, prevista del 15 al 20 de junio, se beneficiar\u00e1n m\u00e1s de 1.400 peque\u00f1os, dentro de ellos los de 9 a\u00f1os\u201d.<br \/>\nDe igual forma, precis\u00f3 que \u201ccada etapa incluye una semana de recuperaci\u00f3n para aquellos ni\u00f1os que por razones de enfermedad no puedan ser vacunados\u201d. Isada P\u00e9rez recalc\u00f3 que \u201chasta el momento la campa\u00f1a de vacunaci\u00f3n avanza de forma satisfactoria en el municipio\u201d.<\/p>\n<p>De ah\u00ed que todas las \u00e1reas de salud cuenten con vacunatorios en pos de llevar a feliz t\u00e9rmino dicho suceso.<br \/>\nLa asesora del programa de inmunizaci\u00f3n en la Direcci\u00f3n Municipal de Salud refiri\u00f3 adem\u00e1s que la vacuna oral contra la poliomielitis es segura y extremadamente eficaz al tiempo que resulta el f\u00e1rmaco m\u00e1s com\u00fan utilizado para erradicar esta enfermedad.<br \/>\n<iframe src=\"https:\/\/www.ivoox.com\/player_ej_172890426_6_1.html?c1=7a0d0b\" width=\"100%\" height=\"200\" frameborder=\"0\" scrolling=\"no\" allowfullscreen=\"allowfullscreen\"><\/iframe><\/p>\n","protected":false},"excerpt":{"rendered":"<p>Desde este 27 de abril inici\u00f3 en Yaguajay, como en todo el pa\u00eds, la primera etapa de la 65 campa\u00f1a de vacunaci\u00f3n antipoliomiel\u00edtica oral bivalente, acci\u00f3n de la salud p\u00fablica que reafirma el compromiso de Cuba con la protecci\u00f3n de la infancia y el mantenimiento de la eliminaci\u00f3n de esta enfermedad desde 1962. As\u00ed lo [&hellip;]<\/p>\n","protected":false},"author":161,"featured_media":8592,"comment_status":"open","ping_status":"open","sticky":false,"template":"","format":"standard","meta":{"_acf_changed":false,"footnotes":""},"categories":[9,5],"tags":[],"coauthors":[1888],"class_list":["post-68746","post","type-post","status-publish","format-standard","has-post-thumbnail","hentry","category-en-audio","category-salud"],"acf":[],"_links":{"self":[{"href":"https:\/\/www.radiosanctispiritus.cu\/es\/wp-json\/wp\/v2\/posts\/68746","targetHints":{"allow":["GET"]}}],"collection":[{"href":"https:\/\/www.radiosanctispiritus.cu\/es\/wp-json\/wp\/v2\/posts"}],"about":[{"href":"https:\/\/www.radiosanctispiritus.cu\/es\/wp-json\/wp\/v2\/types\/post"}],"author":[{"embeddable":true,"href":"https:\/\/www.radiosanctispiritus.cu\/es\/wp-json\/wp\/v2\/users\/161"}],"replies":[{"embeddable":true,"href":"https:\/\/www.radiosanctispiritus.cu\/es\/wp-json\/wp\/v2\/comments?post=68746"}],"version-history":[{"count":1,"href":"https:\/\/www.radiosanctispiritus.cu\/es\/wp-json\/wp\/v2\/posts\/68746\/revisions"}],"predecessor-version":[{"id":68755,"href":"https:\/\/www.radiosanctispiritus.cu\/es\/wp-json\/wp\/v2\/posts\/68746\/revisions\/68755"}],"wp:featuredmedia":[{"embeddable":true,"href":"https:\/\/www.radiosanctispiritus.cu\/es\/wp-json\/wp\/v2\/media\/8592"}],"wp:attachment":[{"href":"https:\/\/www.radiosanctispiritus.cu\/es\/wp-json\/wp\/v2\/media?parent=68746"}],"wp:term":[{"taxonomy":"category","embeddable":true,"href":"https:\/\/www.radiosanctispiritus.cu\/es\/wp-json\/wp\/v2\/categories?post=68746"},{"taxonomy":"post_tag","embeddable":true,"href":"https:\/\/www.radiosanctispiritus.cu\/es\/wp-json\/wp\/v2\/tags?post=68746"},{"taxonomy":"author","embeddable":true,"href":"https:\/\/www.radiosanctispiritus.cu\/es\/wp-json\/wp\/v2\/coauthors?post=68746"}],"curies":[{"name":"wp","href":"https:\/\/api.w.org\/{rel}","templated":true}]}}