{"id":68742,"date":"2026-04-30T13:54:27","date_gmt":"2026-04-30T17:54:27","guid":{"rendered":"https:\/\/www.radiosanctispiritus.cu\/es\/?p=68742"},"modified":"2026-04-30T13:54:27","modified_gmt":"2026-04-30T17:54:27","slug":"que-es-la-tundra","status":"publish","type":"post","link":"https:\/\/www.radiosanctispiritus.cu\/es\/que-es-la-tundra\/","title":{"rendered":"\u00bfQu\u00e9 es la tundra?"},"content":{"rendered":"<p>La tundra es un bioma fr\u00edo y sin \u00e1rboles, caracterizado por su subsuelo helado (permafrost), vegetaci\u00f3n baja como musgos y l\u00edquenes, y paisajes cubiertos de nieve gran parte del a\u00f1o. Se encuentra principalmente en las zonas polares y en altas monta\u00f1as, donde las condiciones extremas impiden el crecimiento de bosques.<\/p>\n<p><iframe src=\"https:\/\/www.ivoox.com\/player_ej_172876995_6_1.html?c1=244a56\" width=\"100%\" height=\"200\" frameborder=\"0\" scrolling=\"no\" allowfullscreen=\"allowfullscreen\"><\/iframe><\/p>\n","protected":false},"excerpt":{"rendered":"<p>La tundra es un bioma fr\u00edo y sin \u00e1rboles, caracterizado por su subsuelo helado (permafrost), vegetaci\u00f3n baja como musgos y l\u00edquenes, y paisajes cubiertos de nieve gran parte del a\u00f1o.<\/p>\n","protected":false},"author":4,"featured_media":68743,"comment_status":"open","ping_status":"open","sticky":false,"template":"","format":"audio","meta":{"_acf_changed":false,"footnotes":""},"categories":[10,1234],"tags":[],"coauthors":[1883],"class_list":["post-68742","post","type-post","status-publish","format-audio","has-post-thumbnail","hentry","category-programas-de-radio","category-virtuales","post_format-post-format-audio"],"acf":[],"_links":{"self":[{"href":"https:\/\/www.radiosanctispiritus.cu\/es\/wp-json\/wp\/v2\/posts\/68742","targetHints":{"allow":["GET"]}}],"collection":[{"href":"https:\/\/www.radiosanctispiritus.cu\/es\/wp-json\/wp\/v2\/posts"}],"about":[{"href":"https:\/\/www.radiosanctispiritus.cu\/es\/wp-json\/wp\/v2\/types\/post"}],"author":[{"embeddable":true,"href":"https:\/\/www.radiosanctispiritus.cu\/es\/wp-json\/wp\/v2\/users\/4"}],"replies":[{"embeddable":true,"href":"https:\/\/www.radiosanctispiritus.cu\/es\/wp-json\/wp\/v2\/comments?post=68742"}],"version-history":[{"count":1,"href":"https:\/\/www.radiosanctispiritus.cu\/es\/wp-json\/wp\/v2\/posts\/68742\/revisions"}],"predecessor-version":[{"id":68744,"href":"https:\/\/www.radiosanctispiritus.cu\/es\/wp-json\/wp\/v2\/posts\/68742\/revisions\/68744"}],"wp:featuredmedia":[{"embeddable":true,"href":"https:\/\/www.radiosanctispiritus.cu\/es\/wp-json\/wp\/v2\/media\/68743"}],"wp:attachment":[{"href":"https:\/\/www.radiosanctispiritus.cu\/es\/wp-json\/wp\/v2\/media?parent=68742"}],"wp:term":[{"taxonomy":"category","embeddable":true,"href":"https:\/\/www.radiosanctispiritus.cu\/es\/wp-json\/wp\/v2\/categories?post=68742"},{"taxonomy":"post_tag","embeddable":true,"href":"https:\/\/www.radiosanctispiritus.cu\/es\/wp-json\/wp\/v2\/tags?post=68742"},{"taxonomy":"author","embeddable":true,"href":"https:\/\/www.radiosanctispiritus.cu\/es\/wp-json\/wp\/v2\/coauthors?post=68742"}],"curies":[{"name":"wp","href":"https:\/\/api.w.org\/{rel}","templated":true}]}}