{"id":68739,"date":"2026-04-30T13:51:10","date_gmt":"2026-04-30T17:51:10","guid":{"rendered":"https:\/\/www.radiosanctispiritus.cu\/es\/?p=68739"},"modified":"2026-04-30T13:51:10","modified_gmt":"2026-04-30T17:51:10","slug":"ak-47-su-historia","status":"publish","type":"post","link":"https:\/\/www.radiosanctispiritus.cu\/es\/ak-47-su-historia\/","title":{"rendered":"AK-47: Su Historia"},"content":{"rendered":"<p>El AK-47, dise\u00f1ado en 1947 por Mija\u00edl Kal\u00e1shnikov, es el fusil de asalto m\u00e1s producido y difundido en la historia, s\u00edmbolo tanto del poder militar sovi\u00e9tico como de movimientos revolucionarios en todo el mundo. Su \u00e9xito se debe a su simplicidad, resistencia y bajo costo, lo que lo convirti\u00f3 en un arma presente en conflictos desde Vietnam hasta Am\u00e9rica Latina.<\/p>\n<p><iframe src=\"https:\/\/www.ivoox.com\/player_ej_172876729_6_1.html?c1=be723a\" width=\"100%\" height=\"200\" frameborder=\"0\" scrolling=\"no\" allowfullscreen=\"allowfullscreen\"><\/iframe><\/p>\n","protected":false},"excerpt":{"rendered":"<p>El AK-47, dise\u00f1ado en 1947 por Mija\u00edl Kal\u00e1shnikov, es el fusil de asalto m\u00e1s producido y difundido en la historia, s\u00edmbolo tanto del poder militar sovi\u00e9tico como de movimientos revolucionarios en todo el mundo.<\/p>\n","protected":false},"author":4,"featured_media":68740,"comment_status":"open","ping_status":"open","sticky":false,"template":"","format":"audio","meta":{"_acf_changed":false,"footnotes":""},"categories":[10,1233],"tags":[],"coauthors":[1883],"class_list":["post-68739","post","type-post","status-publish","format-audio","has-post-thumbnail","hentry","category-programas-de-radio","category-la-aldaba-oportuna","post_format-post-format-audio"],"acf":[],"_links":{"self":[{"href":"https:\/\/www.radiosanctispiritus.cu\/es\/wp-json\/wp\/v2\/posts\/68739","targetHints":{"allow":["GET"]}}],"collection":[{"href":"https:\/\/www.radiosanctispiritus.cu\/es\/wp-json\/wp\/v2\/posts"}],"about":[{"href":"https:\/\/www.radiosanctispiritus.cu\/es\/wp-json\/wp\/v2\/types\/post"}],"author":[{"embeddable":true,"href":"https:\/\/www.radiosanctispiritus.cu\/es\/wp-json\/wp\/v2\/users\/4"}],"replies":[{"embeddable":true,"href":"https:\/\/www.radiosanctispiritus.cu\/es\/wp-json\/wp\/v2\/comments?post=68739"}],"version-history":[{"count":1,"href":"https:\/\/www.radiosanctispiritus.cu\/es\/wp-json\/wp\/v2\/posts\/68739\/revisions"}],"predecessor-version":[{"id":68741,"href":"https:\/\/www.radiosanctispiritus.cu\/es\/wp-json\/wp\/v2\/posts\/68739\/revisions\/68741"}],"wp:featuredmedia":[{"embeddable":true,"href":"https:\/\/www.radiosanctispiritus.cu\/es\/wp-json\/wp\/v2\/media\/68740"}],"wp:attachment":[{"href":"https:\/\/www.radiosanctispiritus.cu\/es\/wp-json\/wp\/v2\/media?parent=68739"}],"wp:term":[{"taxonomy":"category","embeddable":true,"href":"https:\/\/www.radiosanctispiritus.cu\/es\/wp-json\/wp\/v2\/categories?post=68739"},{"taxonomy":"post_tag","embeddable":true,"href":"https:\/\/www.radiosanctispiritus.cu\/es\/wp-json\/wp\/v2\/tags?post=68739"},{"taxonomy":"author","embeddable":true,"href":"https:\/\/www.radiosanctispiritus.cu\/es\/wp-json\/wp\/v2\/coauthors?post=68739"}],"curies":[{"name":"wp","href":"https:\/\/api.w.org\/{rel}","templated":true}]}}