{"id":68737,"date":"2026-04-30T13:46:43","date_gmt":"2026-04-30T17:46:43","guid":{"rendered":"https:\/\/www.radiosanctispiritus.cu\/es\/?p=68737"},"modified":"2026-04-30T13:46:43","modified_gmt":"2026-04-30T17:46:43","slug":"poligrafico-espirituano-se-suma-a-expo-anir-soluciones-cuba","status":"publish","type":"post","link":"https:\/\/www.radiosanctispiritus.cu\/es\/poligrafico-espirituano-se-suma-a-expo-anir-soluciones-cuba\/","title":{"rendered":"Poligr\u00e1fico espirituano se suma a Expo ANIR Soluciones Cuba"},"content":{"rendered":"<div class=\"ds-message _63c77b1\">\n<div class=\"ds-markdown\">\n<p class=\"ds-markdown-paragraph\">Una representaci\u00f3n del Poligr\u00e1fico espirituano particip\u00f3 en el evento Expo Anir Soluciones Cuba, que tuvo lugar este martes en la Empresa El\u00e9ctrica provincial.<\/p>\n<p class=\"ds-markdown-paragraph\">Nurka Concepci\u00f3n D\u00edaz, directora de la Unidad Empresarial de Base Gr\u00e1fica Sancti Sp\u00edritus, precis\u00f3 al respecto los detalles de la participaci\u00f3n de su colectivo, as\u00ed como las potencialidades que exhibe el Poligr\u00e1fico para contribuir a las soluciones que demanda la econom\u00eda provincial.<\/p>\n<p><iframe src=\"https:\/\/www.ivoox.com\/player_ej_172832857_6_1.html?c1=7a0d0b\" width=\"100%\" height=\"200\" frameborder=\"0\" scrolling=\"no\" allowfullscreen=\"allowfullscreen\"><\/iframe><\/p>\n<\/div>\n<\/div>\n","protected":false},"excerpt":{"rendered":"<p>Una representaci\u00f3n del Poligr\u00e1fico espirituano particip\u00f3 en el evento Expo Anir Soluciones Cuba, que tuvo lugar este martes en la Empresa El\u00e9ctrica provincial.<\/p>\n","protected":false},"author":194,"featured_media":27324,"comment_status":"open","ping_status":"open","sticky":false,"template":"","format":"standard","meta":{"_acf_changed":false,"footnotes":""},"categories":[8,9,1],"tags":[],"coauthors":[2035],"class_list":["post-68737","post","type-post","status-publish","format-standard","has-post-thumbnail","hentry","category-noticia","category-en-audio","category-sancti-spiritus"],"acf":[],"_links":{"self":[{"href":"https:\/\/www.radiosanctispiritus.cu\/es\/wp-json\/wp\/v2\/posts\/68737","targetHints":{"allow":["GET"]}}],"collection":[{"href":"https:\/\/www.radiosanctispiritus.cu\/es\/wp-json\/wp\/v2\/posts"}],"about":[{"href":"https:\/\/www.radiosanctispiritus.cu\/es\/wp-json\/wp\/v2\/types\/post"}],"author":[{"embeddable":true,"href":"https:\/\/www.radiosanctispiritus.cu\/es\/wp-json\/wp\/v2\/users\/194"}],"replies":[{"embeddable":true,"href":"https:\/\/www.radiosanctispiritus.cu\/es\/wp-json\/wp\/v2\/comments?post=68737"}],"version-history":[{"count":1,"href":"https:\/\/www.radiosanctispiritus.cu\/es\/wp-json\/wp\/v2\/posts\/68737\/revisions"}],"predecessor-version":[{"id":68738,"href":"https:\/\/www.radiosanctispiritus.cu\/es\/wp-json\/wp\/v2\/posts\/68737\/revisions\/68738"}],"wp:featuredmedia":[{"embeddable":true,"href":"https:\/\/www.radiosanctispiritus.cu\/es\/wp-json\/wp\/v2\/media\/27324"}],"wp:attachment":[{"href":"https:\/\/www.radiosanctispiritus.cu\/es\/wp-json\/wp\/v2\/media?parent=68737"}],"wp:term":[{"taxonomy":"category","embeddable":true,"href":"https:\/\/www.radiosanctispiritus.cu\/es\/wp-json\/wp\/v2\/categories?post=68737"},{"taxonomy":"post_tag","embeddable":true,"href":"https:\/\/www.radiosanctispiritus.cu\/es\/wp-json\/wp\/v2\/tags?post=68737"},{"taxonomy":"author","embeddable":true,"href":"https:\/\/www.radiosanctispiritus.cu\/es\/wp-json\/wp\/v2\/coauthors?post=68737"}],"curies":[{"name":"wp","href":"https:\/\/api.w.org\/{rel}","templated":true}]}}