{"id":68735,"date":"2026-04-30T13:41:15","date_gmt":"2026-04-30T17:41:15","guid":{"rendered":"https:\/\/www.radiosanctispiritus.cu\/es\/?p=68735"},"modified":"2026-04-30T13:41:15","modified_gmt":"2026-04-30T17:41:15","slug":"entra-en-su-etapa-final-campana-tabacalera-en-taguasco","status":"publish","type":"post","link":"https:\/\/www.radiosanctispiritus.cu\/es\/entra-en-su-etapa-final-campana-tabacalera-en-taguasco\/","title":{"rendered":"Entra en su etapa final campa\u00f1a tabacalera en Taguasco"},"content":{"rendered":"<div class=\"ds-message _63c77b1\">\n<div class=\"ds-markdown\">\n<p class=\"ds-markdown-paragraph\">Los vegueros taguasquenses entran en la recta final de campa\u00f1a con la meta de cosechar hasta las \u00faltimas hojas de capadura en las algo m\u00e1s de 70 hect\u00e1reas que todav\u00eda permanecen sin demoler.<\/p>\n<p class=\"ds-markdown-paragraph\">El empe\u00f1o de los trabajadores del tabaco refleja la voluntad de aprovechar al m\u00e1ximo cada \u00e1rea sembrada en la presente contienda.<\/p>\n<p><iframe src=\"https:\/\/www.ivoox.com\/player_ej_172832632_6_1.html?c1=7a0d0b\" width=\"100%\" height=\"200\" frameborder=\"0\" scrolling=\"no\" allowfullscreen=\"allowfullscreen\"><\/iframe><\/p>\n<\/div>\n<\/div>\n","protected":false},"excerpt":{"rendered":"<p>Los vegueros taguasquenses entran en la recta final de campa\u00f1a con la meta de cosechar hasta las \u00faltimas hojas de capadura en las algo m\u00e1s de 70 hect\u00e1reas que todav\u00eda permanecen sin demoler.<\/p>\n","protected":false},"author":17,"featured_media":21825,"comment_status":"open","ping_status":"open","sticky":false,"template":"","format":"standard","meta":{"_acf_changed":false,"footnotes":""},"categories":[8,16,9],"tags":[],"coauthors":[1870],"class_list":["post-68735","post","type-post","status-publish","format-standard","has-post-thumbnail","hentry","category-noticia","category-economia","category-en-audio"],"acf":[],"_links":{"self":[{"href":"https:\/\/www.radiosanctispiritus.cu\/es\/wp-json\/wp\/v2\/posts\/68735","targetHints":{"allow":["GET"]}}],"collection":[{"href":"https:\/\/www.radiosanctispiritus.cu\/es\/wp-json\/wp\/v2\/posts"}],"about":[{"href":"https:\/\/www.radiosanctispiritus.cu\/es\/wp-json\/wp\/v2\/types\/post"}],"author":[{"embeddable":true,"href":"https:\/\/www.radiosanctispiritus.cu\/es\/wp-json\/wp\/v2\/users\/17"}],"replies":[{"embeddable":true,"href":"https:\/\/www.radiosanctispiritus.cu\/es\/wp-json\/wp\/v2\/comments?post=68735"}],"version-history":[{"count":1,"href":"https:\/\/www.radiosanctispiritus.cu\/es\/wp-json\/wp\/v2\/posts\/68735\/revisions"}],"predecessor-version":[{"id":68736,"href":"https:\/\/www.radiosanctispiritus.cu\/es\/wp-json\/wp\/v2\/posts\/68735\/revisions\/68736"}],"wp:featuredmedia":[{"embeddable":true,"href":"https:\/\/www.radiosanctispiritus.cu\/es\/wp-json\/wp\/v2\/media\/21825"}],"wp:attachment":[{"href":"https:\/\/www.radiosanctispiritus.cu\/es\/wp-json\/wp\/v2\/media?parent=68735"}],"wp:term":[{"taxonomy":"category","embeddable":true,"href":"https:\/\/www.radiosanctispiritus.cu\/es\/wp-json\/wp\/v2\/categories?post=68735"},{"taxonomy":"post_tag","embeddable":true,"href":"https:\/\/www.radiosanctispiritus.cu\/es\/wp-json\/wp\/v2\/tags?post=68735"},{"taxonomy":"author","embeddable":true,"href":"https:\/\/www.radiosanctispiritus.cu\/es\/wp-json\/wp\/v2\/coauthors?post=68735"}],"curies":[{"name":"wp","href":"https:\/\/api.w.org\/{rel}","templated":true}]}}