{"id":68724,"date":"2026-05-01T00:09:08","date_gmt":"2026-05-01T04:09:08","guid":{"rendered":"https:\/\/www.radiosanctispiritus.cu\/es\/?p=68724"},"modified":"2026-04-30T16:49:15","modified_gmt":"2026-04-30T20:49:15","slug":"el-hombre-de-las-siete-llaves-en-atm-sancti-spiritus","status":"publish","type":"post","link":"https:\/\/www.radiosanctispiritus.cu\/es\/el-hombre-de-las-siete-llaves-en-atm-sancti-spiritus\/","title":{"rendered":"El hombre de las siete llaves en ATM Sancti Sp\u00edritus"},"content":{"rendered":"<p>Cuando la Empresa Provincial de Abastecimiento T\u00e9cnico Material ATM Sancti Sp\u00edritus apenas comenzaba a organizar sus almacenes, Israel Duany Fern\u00e1ndez se convirti\u00f3 en uno de sus pilares fundadores.<\/p>\n<p>\u00abYo empec\u00e9 en esta empresa en el a\u00f1o 84, cuando esta empresa ten\u00eda varios almacenes, en la plaza de estibador, pero en realidad lo que realic\u00e9 fue recibir toda la mercanc\u00eda que entraba en esta empresa, cuando los salarios eran 161 pesos. Y despu\u00e9s poco a poco me hicieron dependiente, fui jefe de almac\u00e9n, que hab\u00edan siete almacenes\u00bb.<\/p>\n<p><img decoding=\"async\" class=\"size-full wp-image-68727 alignleft\" src=\"https:\/\/www.radiosanctispiritus.cu\/es\/wp-content\/uploads\/Duany-ATM-22.jpg\" alt=\"\" width=\"475\" height=\"404\" \/>Entre papeles, inventarios y largas jornadas, Israel fue ascendiendo hasta convertirse en jefe de almac\u00e9n y responsable de siete dep\u00f3sitos que abastec\u00edan a toda la ciudad. \u00abCuando aquello estaba Arsenio, que entr\u00f3 de econ\u00f3mico. Y estaba Olguita, Iraida, que eran de ac\u00e1, de la dependencia y que me ayudaron mucho\u00bb\u00a0 .<\/p>\n<p>Nombres que hoy son parte de la memoria institucional y que lo acompa\u00f1aron en su formaci\u00f3n como trabajador y dirigente sindical. En su voz, transmite el orgullo de formar generaciones que aprendieron de su ejemplo.<\/p>\n<p>\u00abPr\u00e1cticamente he estado aqu\u00ed mi vida entera, casi aqu\u00ed, en esta empresa. Me llevo muy bien con todos los trabajadores, el que entra y el que sale. Porque yo, en los 40 a\u00f1os que llevo en esta empresa, imag\u00ednate la cantidad de trabajadores que han entrado en esta empresa. Imag\u00ednate, yo ense\u00f1o a todo el que entra, ense\u00f1o en la parte de lo que era comercial, almacenero, dependiente, ense\u00f1o c\u00f3mo trabajar con eso\u00bb.<\/p>\n<p><img decoding=\"async\" class=\"size-full wp-image-68728 alignright\" src=\"https:\/\/www.radiosanctispiritus.cu\/es\/wp-content\/uploads\/Duany-ATM-31.jpg\" alt=\"\" width=\"508\" height=\"298\" \/>ATM Sancti Sp\u00edritus ha sido reconocida en m\u00faltiples ocasiones y en cada logro est\u00e1 la huella de Israel. De las m\u00e1quinas de escribir a la era digital, este hombre se reinvent\u00f3 como comercial. Su herramienta m\u00e1s poderosa es y ha sido: \u00abCuando vengo a trabajar, siempre estoy con la sonrisa, hablo con el cliente para que se lleve la mejor atenci\u00f3n y la venta, para poder ayudar a la empresa a vender y cumplir los planes\u00bb.<\/p>\n<p>Israel Duany Fern\u00e1ndez ha hecho de la Empresa Provincial de Abastecimiento T\u00e9cnico Material ATM de Sancti Sp\u00edritus su vida. Su permanencia en el centro casi cuatro d\u00e9cadas es s\u00edmbolo de estabilidad y entrega, y su deseo es bien sencillo. \u00abComo soy, alegre, una sonrisa, siempre\u00bb.<\/p>\n<p><iframe src=\"https:\/\/www.ivoox.com\/player_ej_172838360_6_1.html?c1=7a0d0b\" width=\"100%\" height=\"200\" frameborder=\"0\" scrolling=\"no\" allowfullscreen=\"allowfullscreen\"><\/iframe><\/p>\n","protected":false},"excerpt":{"rendered":"<p>Cuando la Empresa Provincial de Abastecimiento T\u00e9cnico Material ATM Sancti Sp\u00edritus apenas comenzaba a organizar sus almacenes, Israel Duany Fern\u00e1ndez se convirti\u00f3 en uno de sus pilares fundadores.<\/p>\n","protected":false},"author":166,"featured_media":68726,"comment_status":"open","ping_status":"open","sticky":false,"template":"","format":"standard","meta":{"_acf_changed":false,"footnotes":""},"categories":[8,16,9,1],"tags":[2303,189,749,750],"coauthors":[1901],"class_list":["post-68724","post","type-post","status-publish","format-standard","has-post-thumbnail","hentry","category-noticia","category-economia","category-en-audio","category-sancti-spiritus","tag-atm","tag-comercio-interior","tag-primero-de-mayo","tag-trabajadores"],"acf":[],"_links":{"self":[{"href":"https:\/\/www.radiosanctispiritus.cu\/es\/wp-json\/wp\/v2\/posts\/68724","targetHints":{"allow":["GET"]}}],"collection":[{"href":"https:\/\/www.radiosanctispiritus.cu\/es\/wp-json\/wp\/v2\/posts"}],"about":[{"href":"https:\/\/www.radiosanctispiritus.cu\/es\/wp-json\/wp\/v2\/types\/post"}],"author":[{"embeddable":true,"href":"https:\/\/www.radiosanctispiritus.cu\/es\/wp-json\/wp\/v2\/users\/166"}],"replies":[{"embeddable":true,"href":"https:\/\/www.radiosanctispiritus.cu\/es\/wp-json\/wp\/v2\/comments?post=68724"}],"version-history":[{"count":2,"href":"https:\/\/www.radiosanctispiritus.cu\/es\/wp-json\/wp\/v2\/posts\/68724\/revisions"}],"predecessor-version":[{"id":68730,"href":"https:\/\/www.radiosanctispiritus.cu\/es\/wp-json\/wp\/v2\/posts\/68724\/revisions\/68730"}],"wp:featuredmedia":[{"embeddable":true,"href":"https:\/\/www.radiosanctispiritus.cu\/es\/wp-json\/wp\/v2\/media\/68726"}],"wp:attachment":[{"href":"https:\/\/www.radiosanctispiritus.cu\/es\/wp-json\/wp\/v2\/media?parent=68724"}],"wp:term":[{"taxonomy":"category","embeddable":true,"href":"https:\/\/www.radiosanctispiritus.cu\/es\/wp-json\/wp\/v2\/categories?post=68724"},{"taxonomy":"post_tag","embeddable":true,"href":"https:\/\/www.radiosanctispiritus.cu\/es\/wp-json\/wp\/v2\/tags?post=68724"},{"taxonomy":"author","embeddable":true,"href":"https:\/\/www.radiosanctispiritus.cu\/es\/wp-json\/wp\/v2\/coauthors?post=68724"}],"curies":[{"name":"wp","href":"https:\/\/api.w.org\/{rel}","templated":true}]}}