{"id":68697,"date":"2026-04-30T08:39:22","date_gmt":"2026-04-30T12:39:22","guid":{"rendered":"https:\/\/www.radiosanctispiritus.cu\/es\/?p=68697"},"modified":"2026-04-30T11:11:30","modified_gmt":"2026-04-30T15:11:30","slug":"reconocen-a-18-nuevos-heroes-y-heroinas-del-trabajo-fotos","status":"publish","type":"post","link":"https:\/\/www.radiosanctispiritus.cu\/es\/reconocen-a-18-nuevos-heroes-y-heroinas-del-trabajo-fotos\/","title":{"rendered":"Reconocen a 18 nuevos H\u00e9roes y Hero\u00ednas del Trabajo (+ fotos y video)"},"content":{"rendered":"<p>En una ceremonia solemne realizada este mi\u00e9rcoles en el Sal\u00f3n de Protocolo de El Laguito, fueron condecorados 18 hombres y mujeres con el T\u00edtulo Honor\u00edfico de H\u00e9roe y Hero\u00edna del Trabajo de la Rep\u00fablica de Cuba, la m\u00e1s alta distinci\u00f3n que otorga el pa\u00eds a quienes acumulan m\u00e9ritos excepcionales en la producci\u00f3n, los servicios, la ciencia, la docencia, la cultura y otros sectores estrat\u00e9gicos para la naci\u00f3n.<\/p>\n<div id=\"attachment_68698\" style=\"width: 610px\" class=\"wp-caption aligncenter\"><img decoding=\"async\" aria-describedby=\"caption-attachment-68698\" class=\"size-medium wp-image-68698\" src=\"https:\/\/www.radiosanctispiritus.cu\/es\/wp-content\/uploads\/Foto_-Jose-Raul-Rodriguez-Robleda-600x317.jpg\" alt=\"\" width=\"600\" height=\"317\" srcset=\"https:\/\/www.radiosanctispiritus.cu\/es\/wp-content\/uploads\/Foto_-Jose-Raul-Rodriguez-Robleda-600x317.jpg 600w, https:\/\/www.radiosanctispiritus.cu\/es\/wp-content\/uploads\/Foto_-Jose-Raul-Rodriguez-Robleda.jpg 750w\" sizes=\"(max-width: 600px) 100vw, 600px\" \/><p id=\"caption-attachment-68698\" class=\"wp-caption-text\">Foto: Jos\u00e9 Ra\u00fal Rodr\u00edguez Robleda<\/p><\/div>\n<p>El acto estuvo presidido por el primer secretario del Comit\u00e9 Central del Partido y presidente de la Rep\u00fablica, Miguel D\u00edaz-Canel Berm\u00fadez, quien impuso personalmente la Estrella de Oro del Trabajo a los nuevos condecorados. Lo acompa\u00f1aron en la presidencia Esteban Lazo Hern\u00e1ndez, presidente de la Asamblea Nacional del Poder Popular y del Consejo de Estado; Manuel Marrero Cruz, primer ministro; Roberto Morales Ojeda, secretario de Organizaci\u00f3n del Comit\u00e9 Central del Partido; Osnay Miguel Colina Rodr\u00edguez, presidente de la Comisi\u00f3n Organizadora del 22 Congreso de la CTC, as\u00ed como otros miembros del Bur\u00f3 Pol\u00edtico.<\/p>\n<p>Tambi\u00e9n estuvo presente el Comandante del Ej\u00e9rcito Rebelde Jos\u00e9 Ram\u00f3n Machado Ventura, junto a dirigentes del Partido, el Gobierno, la Uni\u00f3n de J\u00f3venes Comunistas, las organizaciones pol\u00edticas y de masas, las fuerzas armadas Revolucionarias y el Ministerio del Interior.<\/p>\n<div id=\"attachment_68701\" style=\"width: 610px\" class=\"wp-caption aligncenter\"><img decoding=\"async\" aria-describedby=\"caption-attachment-68701\" class=\"size-medium wp-image-68701\" src=\"https:\/\/www.radiosanctispiritus.cu\/es\/wp-content\/uploads\/2904-diaz-canel2-600x388.jpg\" alt=\"\" width=\"600\" height=\"388\" srcset=\"https:\/\/www.radiosanctispiritus.cu\/es\/wp-content\/uploads\/2904-diaz-canel2-600x388.jpg 600w, https:\/\/www.radiosanctispiritus.cu\/es\/wp-content\/uploads\/2904-diaz-canel2.jpg 720w\" sizes=\"(max-width: 600px) 100vw, 600px\" \/><p id=\"caption-attachment-68701\" class=\"wp-caption-text\">Foto: Luis Jim\u00e9nez Echeverr\u00eda\/ACN.<\/p><\/div>\n<p>Instituido en 1979 y entregado por primera vez en 1983, este reconocimiento ha distinguido a cientos de cubanos a lo largo del pa\u00eds. En ese mismo escenario, generaciones de obreros, cient\u00edficos, maestros, campesinos, artistas y t\u00e9cnicos han recibido la medalla que resume una \u00e9tica: la del deber cumplido sin estridencias.<\/p>\n<div id=\"attachment_68699\" style=\"width: 610px\" class=\"wp-caption aligncenter\"><img decoding=\"async\" aria-describedby=\"caption-attachment-68699\" class=\"size-medium wp-image-68699\" src=\"https:\/\/www.radiosanctispiritus.cu\/es\/wp-content\/uploads\/Foto_-Jose-Raul-Rodriguez-Robleda2-600x400.jpg\" alt=\"\" width=\"600\" height=\"400\" srcset=\"https:\/\/www.radiosanctispiritus.cu\/es\/wp-content\/uploads\/Foto_-Jose-Raul-Rodriguez-Robleda2-600x400.jpg 600w, https:\/\/www.radiosanctispiritus.cu\/es\/wp-content\/uploads\/Foto_-Jose-Raul-Rodriguez-Robleda2.jpg 750w\" sizes=\"(max-width: 600px) 100vw, 600px\" \/><p id=\"caption-attachment-68699\" class=\"wp-caption-text\">Foto Jos\u00e9 Ra\u00fal Rodr\u00edguez Robleda<\/p><\/div>\n<p>Adem\u00e1s del t\u00edtulo honor\u00edfico, se otorgaron las Distinciones L\u00e1zaro Pe\u00f1a de I Grado a 12 compa\u00f1eros, la de II Grado a 4 y la de III Grado a 9 trabajadores y un colectivo, con trayectorias sobresalientes. Asimismo fueron entregadas medallas Jes\u00fas Men\u00e9dez a 8 trabajadores y un colectivo, condici\u00f3n que reconoce la excelencia productiva y organizativa.<\/p>\n<div id=\"attachment_68702\" style=\"width: 610px\" class=\"wp-caption aligncenter\"><img decoding=\"async\" aria-describedby=\"caption-attachment-68702\" class=\"size-medium wp-image-68702\" src=\"https:\/\/www.radiosanctispiritus.cu\/es\/wp-content\/uploads\/JRRRcondecoraciones-04A-600x409.jpg\" alt=\"\" width=\"600\" height=\"409\" srcset=\"https:\/\/www.radiosanctispiritus.cu\/es\/wp-content\/uploads\/JRRRcondecoraciones-04A-600x409.jpg 600w, https:\/\/www.radiosanctispiritus.cu\/es\/wp-content\/uploads\/JRRRcondecoraciones-04A.jpg 734w\" sizes=\"(max-width: 600px) 100vw, 600px\" \/><p id=\"caption-attachment-68702\" class=\"wp-caption-text\">Foto: Jos\u00e9 Ra\u00fal Rodr\u00edguez Robleda<\/p><\/div>\n<p>En las palabras centrales, Jos\u00e9 Antonio P\u00e9rez P\u00e9rez, miembro de la Comisi\u00f3n Organizadora al 22 Congreso de la Central de Trabajadores de Cuba subray\u00f3 que cada condecoraci\u00f3n es m\u00e1s que un acto protocolar: constituye un mensaje al pa\u00eds y un recordatorio del hero\u00edsmo cotidiano que sostiene la vida nacional, aun sin ocupar titulares. Como parte del acto, se evoc\u00f3 el esp\u00edritu del Primero de Mayo, celebrado este a\u00f1o en medio de dif\u00edciles condiciones econ\u00f3micas y del recrudecimiento del bloqueo impuesto por el gobierno de los Estados Unidos, lo que confiere mayor simbolismo al reconocimiento.<\/p>\n<p>La intervenci\u00f3n de Jos\u00e9 Antonio P\u00e9rez P\u00e9rez, destac\u00f3 que este acto se realiza en el a\u00f1o del Centenario del Comandante en Jefe Fidel Castro Ruz y record\u00f3 sus palabras de 1964, cuando afirm\u00f3 que \u201cel m\u00e9rito debe ser el factor esencial, no solo por una simple cuesti\u00f3n de justicia, no solo por una simple cuesti\u00f3n de principio moral y social, sino tambi\u00e9n por un principio de alta conveniencia para la sociedad humana\u201d.<\/p>\n<p>En ese esp\u00edritu, se dictaron los Decretos Presidenciales No. 1109 y 1214, que otorgaron el T\u00edtulo Honor\u00edfico de H\u00e9roe del Trabajo de la Rep\u00fablica de Cuba a los 18 compa\u00f1eros y compa\u00f1eras reconocidos en esta jornada.<\/p>\n<p>Los nuevos H\u00e9roes y Hero\u00ednas del Trabajo \u2014provenientes de sectores como la educaci\u00f3n, la ciencia, el turismo, la industria azucarera, la agricultura y los servicios civiles de la defensa\u2014 encarnan ese esp\u00edritu. Sus historias, como las de quienes los precedieron, hablan de disciplina, innovaci\u00f3n, resistencia y sentido de pertenencia. En la antesala del Primero de Mayo, su ejemplo vuelve a colocarse en el centro de la celebraci\u00f3n: el trabajo como acto de creaci\u00f3n y compromiso con la patria.<\/p>\n<div id=\"attachment_68704\" style=\"width: 608px\" class=\"wp-caption aligncenter\"><img decoding=\"async\" aria-describedby=\"caption-attachment-68704\" class=\"size-full wp-image-68704\" src=\"https:\/\/www.radiosanctispiritus.cu\/es\/wp-content\/uploads\/JRRRcondecoraciones-05A.jpg\" alt=\"\" width=\"598\" height=\"500\" srcset=\"https:\/\/www.radiosanctispiritus.cu\/es\/wp-content\/uploads\/JRRRcondecoraciones-05A.jpg 598w, https:\/\/www.radiosanctispiritus.cu\/es\/wp-content\/uploads\/JRRRcondecoraciones-05A-145x120.jpg 145w\" sizes=\"(max-width: 598px) 100vw, 598px\" \/><p id=\"caption-attachment-68704\" class=\"wp-caption-text\">Foto: Jos\u00e9 Ra\u00fal Rodr\u00edguez Robleda<\/p><\/div>\n<p>&nbsp;<\/p>\n<div id=\"attachment_68705\" style=\"width: 425px\" class=\"wp-caption aligncenter\"><img decoding=\"async\" aria-describedby=\"caption-attachment-68705\" class=\"size-full wp-image-68705\" src=\"https:\/\/www.radiosanctispiritus.cu\/es\/wp-content\/uploads\/JRRRcondecoraciones-06.jpg\" alt=\"\" width=\"415\" height=\"500\" \/><p id=\"caption-attachment-68705\" class=\"wp-caption-text\">Foto: Jos\u00e9 Ra\u00fal Rodr\u00edguez Robleda<\/p><\/div>\n<p>&nbsp;<\/p>\n<div id=\"attachment_68706\" style=\"width: 606px\" class=\"wp-caption aligncenter\"><img decoding=\"async\" aria-describedby=\"caption-attachment-68706\" class=\"size-full wp-image-68706\" src=\"https:\/\/www.radiosanctispiritus.cu\/es\/wp-content\/uploads\/JRRRcondecoraciones-07.jpg\" alt=\"\" width=\"596\" height=\"500\" \/><p id=\"caption-attachment-68706\" class=\"wp-caption-text\">Foto: Jos\u00e9 Ra\u00fal Rodr\u00edguez Robleda<\/p><\/div>\n<p>&nbsp;<\/p>\n<div id=\"attachment_68707\" style=\"width: 610px\" class=\"wp-caption aligncenter\"><img decoding=\"async\" aria-describedby=\"caption-attachment-68707\" class=\"size-medium wp-image-68707\" src=\"https:\/\/www.radiosanctispiritus.cu\/es\/wp-content\/uploads\/JRRRcondecoraciones-08A-600x426.jpg\" alt=\"\" width=\"600\" height=\"426\" srcset=\"https:\/\/www.radiosanctispiritus.cu\/es\/wp-content\/uploads\/JRRRcondecoraciones-08A-600x426.jpg 600w, https:\/\/www.radiosanctispiritus.cu\/es\/wp-content\/uploads\/JRRRcondecoraciones-08A.jpg 705w\" sizes=\"(max-width: 600px) 100vw, 600px\" \/><p id=\"caption-attachment-68707\" class=\"wp-caption-text\">Foto: Jos\u00e9 Ra\u00fal Rodr\u00edguez Robleda<\/p><\/div>\n<p>&nbsp;<\/p>\n<div id=\"attachment_68708\" style=\"width: 610px\" class=\"wp-caption aligncenter\"><img decoding=\"async\" aria-describedby=\"caption-attachment-68708\" class=\"size-medium wp-image-68708\" src=\"https:\/\/www.radiosanctispiritus.cu\/es\/wp-content\/uploads\/JRRRcondecoraciones-09-600x450.jpg\" alt=\"\" width=\"600\" height=\"450\" srcset=\"https:\/\/www.radiosanctispiritus.cu\/es\/wp-content\/uploads\/JRRRcondecoraciones-09-600x450.jpg 600w, https:\/\/www.radiosanctispiritus.cu\/es\/wp-content\/uploads\/JRRRcondecoraciones-09.jpg 666w\" sizes=\"(max-width: 600px) 100vw, 600px\" \/><p id=\"caption-attachment-68708\" class=\"wp-caption-text\">Foto: Jos\u00e9 Ra\u00fal Rodr\u00edguez Robleda<\/p><\/div>\n<p>&nbsp;<\/p>\n<div id=\"attachment_68709\" style=\"width: 610px\" class=\"wp-caption aligncenter\"><img decoding=\"async\" aria-describedby=\"caption-attachment-68709\" class=\"size-medium wp-image-68709\" src=\"https:\/\/www.radiosanctispiritus.cu\/es\/wp-content\/uploads\/JRRRcondecoraciones-14-600x480.jpg\" alt=\"\" width=\"600\" height=\"480\" srcset=\"https:\/\/www.radiosanctispiritus.cu\/es\/wp-content\/uploads\/JRRRcondecoraciones-14-600x480.jpg 600w, https:\/\/www.radiosanctispiritus.cu\/es\/wp-content\/uploads\/JRRRcondecoraciones-14.jpg 625w\" sizes=\"(max-width: 600px) 100vw, 600px\" \/><p id=\"caption-attachment-68709\" class=\"wp-caption-text\">Foto: Jos\u00e9 Ra\u00fal Rodr\u00edguez Robleda<\/p><\/div>\n<p>&nbsp;<\/p>\n<div id=\"attachment_68710\" style=\"width: 610px\" class=\"wp-caption aligncenter\"><img decoding=\"async\" aria-describedby=\"caption-attachment-68710\" class=\"size-medium wp-image-68710\" src=\"https:\/\/www.radiosanctispiritus.cu\/es\/wp-content\/uploads\/JRRRcondecoraciones-15-600x487.jpg\" alt=\"\" width=\"600\" height=\"487\" srcset=\"https:\/\/www.radiosanctispiritus.cu\/es\/wp-content\/uploads\/JRRRcondecoraciones-15-600x487.jpg 600w, https:\/\/www.radiosanctispiritus.cu\/es\/wp-content\/uploads\/JRRRcondecoraciones-15.jpg 616w\" sizes=\"(max-width: 600px) 100vw, 600px\" \/><p id=\"caption-attachment-68710\" class=\"wp-caption-text\">Foto Jos\u00e9 Ra\u00fal Rodr\u00edguez Robleda<\/p><\/div>\n<p><iframe title=\"Intercambia mandatario cubano con trabajadores destacados en v\u00edsperas del Primero de Mayo\" src=\"https:\/\/www.youtube.com\/embed\/sZZ1PoZdCls\" width=\"795\" height=\"447\" frameborder=\"0\" allowfullscreen=\"allowfullscreen\"><\/iframe><\/p>\n","protected":false},"excerpt":{"rendered":"<p>En una ceremonia solemne realizada este mi\u00e9rcoles en el Sal\u00f3n de Protocolo de El Laguito, fueron condecorados 18 hombres y mujeres con el T\u00edtulo Honor\u00edfico de H\u00e9roe y Hero\u00edna del Trabajo de la Rep\u00fablica de Cuba, la m\u00e1s alta distinci\u00f3n que otorga el pa\u00eds a quienes acumulan m\u00e9ritos excepcionales en la producci\u00f3n, los servicios, la [&hellip;]<\/p>\n","protected":false},"author":131,"featured_media":68700,"comment_status":"open","ping_status":"open","sticky":false,"template":"","format":"standard","meta":{"_acf_changed":false,"footnotes":""},"categories":[8,3],"tags":[227,2339,366,2341,2343,2342,291,2340,2338],"coauthors":[1934],"class_list":["post-68697","post","type-post","status-publish","format-standard","has-post-thumbnail","hentry","category-noticia","category-cuba","tag-asamblea-nacional-del-poder-popular","tag-comite-central-del-partido","tag-consejo-de-estado","tag-esteban-lazo-hernandez","tag-jose-ramon-machado-ventura","tag-manuel-marrero-cruz","tag-miguel-diaz-canel-bermudez","tag-presidente-de-la-republica","tag-titulo-honorifico-de-heroe-y-heroina-del-trabajo-de-la-republica-de-cuba"],"acf":[],"_links":{"self":[{"href":"https:\/\/www.radiosanctispiritus.cu\/es\/wp-json\/wp\/v2\/posts\/68697","targetHints":{"allow":["GET"]}}],"collection":[{"href":"https:\/\/www.radiosanctispiritus.cu\/es\/wp-json\/wp\/v2\/posts"}],"about":[{"href":"https:\/\/www.radiosanctispiritus.cu\/es\/wp-json\/wp\/v2\/types\/post"}],"author":[{"embeddable":true,"href":"https:\/\/www.radiosanctispiritus.cu\/es\/wp-json\/wp\/v2\/users\/131"}],"replies":[{"embeddable":true,"href":"https:\/\/www.radiosanctispiritus.cu\/es\/wp-json\/wp\/v2\/comments?post=68697"}],"version-history":[{"count":5,"href":"https:\/\/www.radiosanctispiritus.cu\/es\/wp-json\/wp\/v2\/posts\/68697\/revisions"}],"predecessor-version":[{"id":68722,"href":"https:\/\/www.radiosanctispiritus.cu\/es\/wp-json\/wp\/v2\/posts\/68697\/revisions\/68722"}],"wp:featuredmedia":[{"embeddable":true,"href":"https:\/\/www.radiosanctispiritus.cu\/es\/wp-json\/wp\/v2\/media\/68700"}],"wp:attachment":[{"href":"https:\/\/www.radiosanctispiritus.cu\/es\/wp-json\/wp\/v2\/media?parent=68697"}],"wp:term":[{"taxonomy":"category","embeddable":true,"href":"https:\/\/www.radiosanctispiritus.cu\/es\/wp-json\/wp\/v2\/categories?post=68697"},{"taxonomy":"post_tag","embeddable":true,"href":"https:\/\/www.radiosanctispiritus.cu\/es\/wp-json\/wp\/v2\/tags?post=68697"},{"taxonomy":"author","embeddable":true,"href":"https:\/\/www.radiosanctispiritus.cu\/es\/wp-json\/wp\/v2\/coauthors?post=68697"}],"curies":[{"name":"wp","href":"https:\/\/api.w.org\/{rel}","templated":true}]}}