{"id":68685,"date":"2026-04-29T22:18:38","date_gmt":"2026-04-30T02:18:38","guid":{"rendered":"https:\/\/www.radiosanctispiritus.cu\/es\/?p=68685"},"modified":"2026-04-29T22:19:17","modified_gmt":"2026-04-30T02:19:17","slug":"distinguen-a-trabajadores-y-colectivos-destacados-de-sancti-spiritus","status":"publish","type":"post","link":"https:\/\/www.radiosanctispiritus.cu\/es\/distinguen-a-trabajadores-y-colectivos-destacados-de-sancti-spiritus\/","title":{"rendered":"Distinguen a trabajadores y colectivos destacados de Sancti Sp\u00edritus"},"content":{"rendered":"<p>A pocas horas de la celebraci\u00f3n del Primero de Mayo, D\u00eda Internacional del Proletariado, trabajadores y colectivos\u00a0destacados de Sancti Sp\u00edritus fueron reconocidos de manera especial en ceremonia efectuada en la Biblioteca Provincial Rub\u00e9n Mart\u00ednez Villena.<\/p>\n<p>A propuesta del Consejo de Ministros\u00a0\u00a0y el Secretariado de la Central de Trabajadores de Cuba,\u00a0 le fue otorgada la Orden L\u00e1zaro Pe\u00f1a de II y III grado a trabajadores\u00a0por extraordinarios m\u00e9ritos laborales, por importantes aportes realizados a la econom\u00eda nacional o por una correcta y sostenida actitud ante el trabajo, ya sea en la industria, la agricultura, los servicios, la administraci\u00f3n, la construcci\u00f3n, el transporte, las ciencias, las artes, la cultura o la t\u00e9cnica.<\/p>\n<div id=\"attachment_68687\" style=\"width: 610px\" class=\"wp-caption aligncenter\"><img decoding=\"async\" aria-describedby=\"caption-attachment-68687\" class=\"size-medium wp-image-68687\" src=\"https:\/\/www.radiosanctispiritus.cu\/es\/wp-content\/uploads\/CTC-2-600x433.jpg\" alt=\"\" width=\"600\" height=\"433\" srcset=\"https:\/\/www.radiosanctispiritus.cu\/es\/wp-content\/uploads\/CTC-2-600x433.jpg 600w, https:\/\/www.radiosanctispiritus.cu\/es\/wp-content\/uploads\/CTC-2-1024x739.jpg 1024w, https:\/\/www.radiosanctispiritus.cu\/es\/wp-content\/uploads\/CTC-2-768x554.jpg 768w, https:\/\/www.radiosanctispiritus.cu\/es\/wp-content\/uploads\/CTC-2-1536x1109.jpg 1536w, https:\/\/www.radiosanctispiritus.cu\/es\/wp-content\/uploads\/CTC-2-2048x1479.jpg 2048w\" sizes=\"(max-width: 600px) 100vw, 600px\" \/><p id=\"caption-attachment-68687\" class=\"wp-caption-text\">Deivy P\u00e9rez Mart\u00edn (D), miembro del Comit\u00e9 Central del Partido Comunista de Cuba y su primera secretaria en la provincia Sancti Sp\u00edritus impone condecoraciones a trabajadores destacados.<\/p><\/div>\n<p>Tambi\u00e9n varios colectivos y afiliados de diversos sindicatos recibieron la Medalla Jes\u00fas Men\u00e9ndez, por su destacado quehacer y logros sostenidos.<\/p>\n<p>Deivy P\u00e9rez Mart\u00edn, miembro del Comit\u00e9 Central del Partido Comunista de Cuba y su primera secretaria en la provincia de Sancti Sp\u00edritus, y Alexis Lorente Jim\u00e9nez, Gobernador del Gobierno Provincial, presidieron la ceremonia, a la que asistieron\u00a0tambi\u00e9n representantes de organizaciones pol\u00edticas y de masas del territorio.<\/p>\n<div id=\"attachment_68688\" style=\"width: 610px\" class=\"wp-caption aligncenter\"><img decoding=\"async\" aria-describedby=\"caption-attachment-68688\" class=\"size-medium wp-image-68688\" src=\"https:\/\/www.radiosanctispiritus.cu\/es\/wp-content\/uploads\/CTC-3-600x455.jpg\" alt=\"\" width=\"600\" height=\"455\" srcset=\"https:\/\/www.radiosanctispiritus.cu\/es\/wp-content\/uploads\/CTC-3-600x455.jpg 600w, https:\/\/www.radiosanctispiritus.cu\/es\/wp-content\/uploads\/CTC-3-1024x777.jpg 1024w, https:\/\/www.radiosanctispiritus.cu\/es\/wp-content\/uploads\/CTC-3-768x582.jpg 768w, https:\/\/www.radiosanctispiritus.cu\/es\/wp-content\/uploads\/CTC-3-1536x1165.jpg 1536w, https:\/\/www.radiosanctispiritus.cu\/es\/wp-content\/uploads\/CTC-3-2048x1553.jpg 2048w\" sizes=\"(max-width: 600px) 100vw, 600px\" \/><p id=\"caption-attachment-68688\" class=\"wp-caption-text\">Deivy P\u00e9rez Mart\u00edn (D), miembro del Comit\u00e9 Central del Partido Comunista de Cuba y su primera secretaria en la provincia Sancti Sp\u00edritus, impone condecoraciones a trabajadores distinguidos.<\/p><\/div>\n<p>El momento fue propicio para\u00a0 entregar tambi\u00e9n, a aniristas destacados de la provincia, la r\u00e9plica del carn\u00e9 de la ANIR del l\u00edder de la Revoluci\u00f3n, Fidel Castro Ruz.<\/p>\n<div id=\"attachment_68689\" style=\"width: 610px\" class=\"wp-caption aligncenter\"><img decoding=\"async\" aria-describedby=\"caption-attachment-68689\" class=\"size-medium wp-image-68689\" src=\"https:\/\/www.radiosanctispiritus.cu\/es\/wp-content\/uploads\/CTC-4-600x394.jpg\" alt=\"\" width=\"600\" height=\"394\" srcset=\"https:\/\/www.radiosanctispiritus.cu\/es\/wp-content\/uploads\/CTC-4-600x394.jpg 600w, https:\/\/www.radiosanctispiritus.cu\/es\/wp-content\/uploads\/CTC-4-1024x672.jpg 1024w, https:\/\/www.radiosanctispiritus.cu\/es\/wp-content\/uploads\/CTC-4-768x504.jpg 768w, https:\/\/www.radiosanctispiritus.cu\/es\/wp-content\/uploads\/CTC-4-1536x1008.jpg 1536w, https:\/\/www.radiosanctispiritus.cu\/es\/wp-content\/uploads\/CTC-4-2048x1343.jpg 2048w\" sizes=\"(max-width: 600px) 100vw, 600px\" \/><p id=\"caption-attachment-68689\" class=\"wp-caption-text\">Alexis Lorente Jim\u00e9nez, Gobernador del Gobierno Provincial, impone condecoraciones a trabajadores destacados.<\/p><\/div>\n<div id=\"attachment_68690\" style=\"width: 610px\" class=\"wp-caption aligncenter\"><img decoding=\"async\" aria-describedby=\"caption-attachment-68690\" class=\"size-medium wp-image-68690\" src=\"https:\/\/www.radiosanctispiritus.cu\/es\/wp-content\/uploads\/CTC-5-600x457.jpg\" alt=\"\" width=\"600\" height=\"457\" srcset=\"https:\/\/www.radiosanctispiritus.cu\/es\/wp-content\/uploads\/CTC-5-600x457.jpg 600w, https:\/\/www.radiosanctispiritus.cu\/es\/wp-content\/uploads\/CTC-5-1024x779.jpg 1024w, https:\/\/www.radiosanctispiritus.cu\/es\/wp-content\/uploads\/CTC-5-768x584.jpg 768w, https:\/\/www.radiosanctispiritus.cu\/es\/wp-content\/uploads\/CTC-5-1536x1169.jpg 1536w, https:\/\/www.radiosanctispiritus.cu\/es\/wp-content\/uploads\/CTC-5-2048x1559.jpg 2048w\" sizes=\"(max-width: 600px) 100vw, 600px\" \/><p id=\"caption-attachment-68690\" class=\"wp-caption-text\">Colectivos y trabajadores destacados fueron reconocidos.<\/p><\/div>\n<div id=\"attachment_68691\" style=\"width: 610px\" class=\"wp-caption aligncenter\"><img decoding=\"async\" aria-describedby=\"caption-attachment-68691\" class=\"size-medium wp-image-68691\" src=\"https:\/\/www.radiosanctispiritus.cu\/es\/wp-content\/uploads\/CTC-6-600x404.jpg\" alt=\"\" width=\"600\" height=\"404\" srcset=\"https:\/\/www.radiosanctispiritus.cu\/es\/wp-content\/uploads\/CTC-6-600x404.jpg 600w, https:\/\/www.radiosanctispiritus.cu\/es\/wp-content\/uploads\/CTC-6-1024x689.jpg 1024w, https:\/\/www.radiosanctispiritus.cu\/es\/wp-content\/uploads\/CTC-6-768x517.jpg 768w, https:\/\/www.radiosanctispiritus.cu\/es\/wp-content\/uploads\/CTC-6-1536x1034.jpg 1536w, https:\/\/www.radiosanctispiritus.cu\/es\/wp-content\/uploads\/CTC-6-2048x1378.jpg 2048w\" sizes=\"(max-width: 600px) 100vw, 600px\" \/><p id=\"caption-attachment-68691\" class=\"wp-caption-text\">Momentos de la ceremonia de condecoraci\u00f3n a colectivos y trabajadores destacados.<\/p><\/div>\n<div id=\"attachment_68692\" style=\"width: 610px\" class=\"wp-caption aligncenter\"><img decoding=\"async\" aria-describedby=\"caption-attachment-68692\" class=\"size-medium wp-image-68692\" src=\"https:\/\/www.radiosanctispiritus.cu\/es\/wp-content\/uploads\/CTC-7-600x430.jpg\" alt=\"\" width=\"600\" height=\"430\" srcset=\"https:\/\/www.radiosanctispiritus.cu\/es\/wp-content\/uploads\/CTC-7-600x430.jpg 600w, https:\/\/www.radiosanctispiritus.cu\/es\/wp-content\/uploads\/CTC-7-1024x733.jpg 1024w, https:\/\/www.radiosanctispiritus.cu\/es\/wp-content\/uploads\/CTC-7-768x550.jpg 768w, https:\/\/www.radiosanctispiritus.cu\/es\/wp-content\/uploads\/CTC-7-1536x1100.jpg 1536w, https:\/\/www.radiosanctispiritus.cu\/es\/wp-content\/uploads\/CTC-7-2048x1466.jpg 2048w\" sizes=\"(max-width: 600px) 100vw, 600px\" \/><p id=\"caption-attachment-68692\" class=\"wp-caption-text\">Aniristas destacados de la provincia, la r\u00e9plica del carn\u00e9 de la ANIR del l\u00edder de la Revoluci\u00f3n, Fidel Castro Ruz.<\/p><\/div>\n","protected":false},"excerpt":{"rendered":"<p>A pocas horas de la celebraci\u00f3n del Primero de Mayo, D\u00eda Internacional del Proletariado, trabajadores y colectivos\u00a0destacados de Sancti Sp\u00edritus fueron reconocidos de manera especial en ceremonia efectuada en la Biblioteca Provincial Rub\u00e9n Mart\u00ednez Villena.<\/p>\n","protected":false},"author":15,"featured_media":68686,"comment_status":"open","ping_status":"open","sticky":false,"template":"","format":"standard","meta":{"_acf_changed":false,"footnotes":""},"categories":[8,11,1],"tags":[1154,408,749,750],"coauthors":[1884],"class_list":["post-68685","post","type-post","status-publish","format-standard","has-post-thumbnail","hentry","category-noticia","category-fotorreportaje","category-sancti-spiritus","tag-central-de-trabajadores-de-cuba","tag-ctc","tag-primero-de-mayo","tag-trabajadores"],"acf":[],"_links":{"self":[{"href":"https:\/\/www.radiosanctispiritus.cu\/es\/wp-json\/wp\/v2\/posts\/68685","targetHints":{"allow":["GET"]}}],"collection":[{"href":"https:\/\/www.radiosanctispiritus.cu\/es\/wp-json\/wp\/v2\/posts"}],"about":[{"href":"https:\/\/www.radiosanctispiritus.cu\/es\/wp-json\/wp\/v2\/types\/post"}],"author":[{"embeddable":true,"href":"https:\/\/www.radiosanctispiritus.cu\/es\/wp-json\/wp\/v2\/users\/15"}],"replies":[{"embeddable":true,"href":"https:\/\/www.radiosanctispiritus.cu\/es\/wp-json\/wp\/v2\/comments?post=68685"}],"version-history":[{"count":2,"href":"https:\/\/www.radiosanctispiritus.cu\/es\/wp-json\/wp\/v2\/posts\/68685\/revisions"}],"predecessor-version":[{"id":68694,"href":"https:\/\/www.radiosanctispiritus.cu\/es\/wp-json\/wp\/v2\/posts\/68685\/revisions\/68694"}],"wp:featuredmedia":[{"embeddable":true,"href":"https:\/\/www.radiosanctispiritus.cu\/es\/wp-json\/wp\/v2\/media\/68686"}],"wp:attachment":[{"href":"https:\/\/www.radiosanctispiritus.cu\/es\/wp-json\/wp\/v2\/media?parent=68685"}],"wp:term":[{"taxonomy":"category","embeddable":true,"href":"https:\/\/www.radiosanctispiritus.cu\/es\/wp-json\/wp\/v2\/categories?post=68685"},{"taxonomy":"post_tag","embeddable":true,"href":"https:\/\/www.radiosanctispiritus.cu\/es\/wp-json\/wp\/v2\/tags?post=68685"},{"taxonomy":"author","embeddable":true,"href":"https:\/\/www.radiosanctispiritus.cu\/es\/wp-json\/wp\/v2\/coauthors?post=68685"}],"curies":[{"name":"wp","href":"https:\/\/api.w.org\/{rel}","templated":true}]}}