{"id":68664,"date":"2026-04-30T03:11:45","date_gmt":"2026-04-30T07:11:45","guid":{"rendered":"https:\/\/www.radiosanctispiritus.cu\/es\/?p=68664"},"modified":"2026-04-30T03:15:39","modified_gmt":"2026-04-30T07:15:39","slug":"curso-escolar-mantiene-su-desarrollo-y-culminacion-segun-calendario","status":"publish","type":"post","link":"https:\/\/www.radiosanctispiritus.cu\/es\/curso-escolar-mantiene-su-desarrollo-y-culminacion-segun-calendario\/","title":{"rendered":"Sancti Sp\u00edritus adec\u00faa evaluaciones finales para cierre del curso"},"content":{"rendered":"<p>La Direcci\u00f3n General de Educaci\u00f3n en Sancti Sp\u00edritus confirm\u00f3 que el curso escolar 2025-2026 mantiene su desarrollo y culminaci\u00f3n seg\u00fan calendario establecido.<\/p>\n<p>El M\u00e1ster en Ciencias, Andrei Armas Bravo, Director General en la provincia, actualiza sobre las m\u00e1s recientes adecuaciones relacionadas, espec\u00edficamente \u00a0con el sistema evaluativo.<\/p>\n<p>\u00abNosotros mantenemos el servicio de los 33 C\u00edrculos Infantiles, con algunas dificultades que pueden presentarse y con flexibilidades en el horario, en esta etapa tambi\u00e9n continuamos aplicando el diagnostico en el grado preescolar, tanto de los C\u00edrculos de las Instituciones Educativas, y en ese proceso trabajan nuestros especialistas en estos momentos\u00bb.<\/p>\n<p><strong>\u00bfAcerca de las nuevas adecuaciones?\u00a0 <\/strong><\/p>\n<p>\u00abHay un grupo de actividades, que se le hacen adecuaciones y los estudiantes van a cerrar el curso con un grupo de instrumentos evaluativos que ser\u00e1n los que se van a aplicar en cada nivel.<\/p>\n<p>\u00abPor ejemplo, en el tercer momento de la Educaci\u00f3n Primaria que incluye a los estudiantes de 5to y 6to grados, en las asignaturas se evaluaran a trav\u00e9s de evoluciones sistem\u00e1ticas, Control Parcial y Trabajos Pr\u00e1cticos.<\/p>\n<p>\u00abHay asignaturas de 5to grado como Educaci\u00f3n Ciudadana que va cerrar con evaluaciones sistem\u00e1ticas, y Ciencias Naturales y Geograf\u00eda con un Trabajo Pr\u00e1ctico Integrador, Historia de Cuba con un Trabajo Practico, y Lengua Espa\u00f1ola y Matem\u00e1ticas\u00a0 con Trabajo de Control Parcial.<\/p>\n<p>\u00abEn el caso de 6to grado realiza un Trabajo Pr\u00e1ctico Integrador y va a cerrar con un Trabajo de Control Parcial en la asignatura de Lengua Espa\u00f1ola y Matem\u00e1ticas.<\/p>\n<p>\u00abEn el caso de la Secundaria B\u00e1sica, las asignaturas de Matem\u00e1ticas, espa\u00f1ol y Literatura, en los tres grados, e Historia en el caso de 9no van a realizar prueba final escrita.<\/p>\n<p>\u00abY el resto de las asignaturas, cerrar\u00e1n mediante actividades pr\u00e1cticas, Seminarios Integradores,\u00a0\u00a0 todo dise\u00f1ado a partir de la instrumentaci\u00f3n que tiene cada Escuela y cada municipio\u00bb.<\/p>\n<p><strong>\u00bfQu\u00e9 otra particularidad distingue a la Secundaria B\u00e1sica?<\/strong><\/p>\n<p>\u00abEn este momento este nivel educativo desarrolla otro proceso muy importante, y es todo lo que tiene que ver con la continuidad de estudios de los alumnos de 9no grado.<\/p>\n<p>\u00abSe est\u00e1 trabajando en ello, hasta este 30 de abril en lo concerniente al pre escalaf\u00f3n de los estudiantes,\u00a0 de las solicitudes, del llenado de las boletas, en tanto, ya del cuatro al 15 de Mayo ya debemos estar dando a conocer el escalaf\u00f3n, y sucesivamente se concluir\u00e1 todo el proceso como de costumbre\u00bb.<\/p>\n<p><strong>\u00bfReferente a los Ex\u00e1menes de Ingreso al IPVCE?\u00a0 <\/strong><\/p>\n<p>\u00abComo novedad, este a\u00f1o no se estar\u00e1n realizando estos ex\u00e1menes de ingreso, es decir, los estudiantes entraran a la vocacional por el escalaf\u00f3n, a partir de las plazas que se otorguen por escuelas y por municipios.<\/p>\n<p>\u00abEn el caso de aquellos alumnos que hicieron el noveno grado en el Ipvce, entran de manera\u00a0 directa a la instituci\u00f3n\u00bb.<\/p>\n<p><strong>La Educaci\u00f3n Preuniversitaria.<\/strong><\/p>\n<p>\u00abEn el Preuniversitario, hay una prioridad con el duod\u00e9cimo grado que ya termin\u00f3 sus pruebas ministeriales como se le conocen, pero ahora queda una etapa intensiva de preparaci\u00f3n para los Ex\u00e1menes de Ingreso a la Educaci\u00f3n Superior, los cuales se realizaran en los primeros d\u00edas de junio, como ya se ha dado a conocer anteriormente.<\/p>\n<p>\u00abA partir del cuatro de Mayo comienzan a nivel de pa\u00eds las Tele clases para reforzar los repasos para el ingreso, para las que hay que buscar un grupo de variantes, dada la situaci\u00f3n electro energ\u00e9tica que enfrenta el pa\u00eds\u00bb.<\/p>\n<p><strong>\u00bfY en el caso de los educandos de 10mo y 11no grados?<\/strong><\/p>\n<p>\u00abEn este caso esos estudiantes solo realizaran ex\u00e1menes finales en las asignaturas de Historia, Matem\u00e1ticas y Lengua y Literatura, el resto de las asignaturas como F\u00edsica, Biolog\u00eda, tendr\u00e1n un grupo de Seminarios te\u00f3rico pr\u00e1ctico respectivamente.<\/p>\n<p>\u00abEn este nivel educativo estamos revisando un grupo de estudiantes que no sobrepasan los 40 en la provincia que hoy pudiera estar en esta variante de la presencialidad, que son de los grados de 10mo y 11no, para buscar las variantes para cerrar el a\u00f1o y puedan promover, y nosotros poder estar adecuando un grupo de contenidos que estar\u00edan profundizando el venidero curso.<\/p>\n<p>\u00abHay una cuesti\u00f3n que tanto, en la Primaria como en Secundaria como en la Ense\u00f1anza T\u00e9cnica Profesional,\u00a0 que siempre insisto, y es que nosotros tenemos instrumentado de forma excepcional\u00a0 cerrar\u00edamos el curso a los educandos que tras agotadas todas la opciones organizativas para realizar la presencialidad, quedan en una situaci\u00f3n no id\u00f3nea en su atenci\u00f3n, y en este caso, cerraran con las calificaciones obtenidas hasta el momento que ceso la asistencia y con la autorizaci\u00f3n de la Direcci\u00f3n General de Educaci\u00f3n.<\/p>\n<p>\u00abEstamos hablando de todos esos estudiantes que tenemos en la provincia que viven en comunidades aisladas y que no han podido tener una atenci\u00f3n directa, estaremos buscando las alternativas para que pueda promover el grado, para tranquilidad de las familias, ah\u00ed nos tocar\u00eda a nosotros estar buscando algunas adecuaciones en sus programas de estudios para el curso que viene y pueden vencer los objetivos.<\/p>\n<p>\u00abCon la Educaci\u00f3n T\u00e9cnica y Profesional, sucede igual, aqu\u00ed se potencia el v\u00ednculo de los estudiantes a actividades pr\u00e1cticas y de la producci\u00f3n y los servicios, en las comunidades y zonas de residencia, y ya el grado terminal de las diferentes especialidades se prepara para su ejercicio de culminaci\u00f3n estudios\u00bb.<\/p>\n<p><strong>La Formaci\u00f3n Pedag\u00f3gica.<\/strong><\/p>\n<p>\u00abCon los estudiantes de Formaci\u00f3n Pedag\u00f3gica, mantenemos los muchachos de primer y segundo a\u00f1os de la carrera, vinculado a las aulas en sus municipios de residencia como parte de practica pre-profesional y con tercer a\u00f1o a partir de una an\u00e1lisis hecho en la provincia se concentr\u00f3 la totalidad de esa matricula en\u00a0\u00a0\u00a0\u00a0 la Rafael Mar\u00eda de Mendive, donde complementan su formaci\u00f3n reforzando\u00a0 las metodolog\u00edas y did\u00e1cticas que se imparten en ese a\u00f1o.<\/p>\n<p>\u00abCon ello buscamos la integralidad en su formaci\u00f3n y que est\u00e9n mejor preparados y con objetivos vencidos, para a partir de septiembre puedan estar frente a aula y comiencen a preparar su ejercicio de culminaci\u00f3n de estudios.<\/p>\n<p>\u00abPara lograr materializar\u00a0 esta presencialidad en la pedag\u00f3gica espirituana contamos con el apoyo de las m\u00e1ximas autoridades de la provincia.<\/p>\n<p>\u00abDe esa manera nos estamos alistando ya para el cierre del curso escolar 2025 \u2013 2026, el cual\u00a0 culminara seg\u00fan calendario escolar establecido en julio venidero\u00bb.<\/p>\n<p>&nbsp;<\/p>\n<p><iframe src=\"https:\/\/www.ivoox.com\/player_ej_172835982_6_1.html?c1=7a0d0b\" width=\"100%\" height=\"200\" frameborder=\"0\" scrolling=\"no\" allowfullscreen=\"allowfullscreen\"><\/iframe><\/p>\n","protected":false},"excerpt":{"rendered":"<p>El curso escolar 2025-2026 mantiene su desarrollo y culminaci\u00f3n seg\u00fan calendario establecido, confirm\u00f3 la Direcci\u00f3n General de Educaci\u00f3n en Sancti Sp\u00edritus.<\/p>\n","protected":false},"author":8,"featured_media":59737,"comment_status":"open","ping_status":"open","sticky":false,"template":"","format":"standard","meta":{"_acf_changed":false,"footnotes":""},"categories":[14,9,8,1],"tags":[122,29],"coauthors":[1917],"class_list":["post-68664","post","type-post","status-publish","format-standard","has-post-thumbnail","hentry","category-educacion","category-en-audio","category-noticia","category-sancti-spiritus","tag-curso-escolar","tag-educacion"],"acf":[],"_links":{"self":[{"href":"https:\/\/www.radiosanctispiritus.cu\/es\/wp-json\/wp\/v2\/posts\/68664","targetHints":{"allow":["GET"]}}],"collection":[{"href":"https:\/\/www.radiosanctispiritus.cu\/es\/wp-json\/wp\/v2\/posts"}],"about":[{"href":"https:\/\/www.radiosanctispiritus.cu\/es\/wp-json\/wp\/v2\/types\/post"}],"author":[{"embeddable":true,"href":"https:\/\/www.radiosanctispiritus.cu\/es\/wp-json\/wp\/v2\/users\/8"}],"replies":[{"embeddable":true,"href":"https:\/\/www.radiosanctispiritus.cu\/es\/wp-json\/wp\/v2\/comments?post=68664"}],"version-history":[{"count":5,"href":"https:\/\/www.radiosanctispiritus.cu\/es\/wp-json\/wp\/v2\/posts\/68664\/revisions"}],"predecessor-version":[{"id":68676,"href":"https:\/\/www.radiosanctispiritus.cu\/es\/wp-json\/wp\/v2\/posts\/68664\/revisions\/68676"}],"wp:featuredmedia":[{"embeddable":true,"href":"https:\/\/www.radiosanctispiritus.cu\/es\/wp-json\/wp\/v2\/media\/59737"}],"wp:attachment":[{"href":"https:\/\/www.radiosanctispiritus.cu\/es\/wp-json\/wp\/v2\/media?parent=68664"}],"wp:term":[{"taxonomy":"category","embeddable":true,"href":"https:\/\/www.radiosanctispiritus.cu\/es\/wp-json\/wp\/v2\/categories?post=68664"},{"taxonomy":"post_tag","embeddable":true,"href":"https:\/\/www.radiosanctispiritus.cu\/es\/wp-json\/wp\/v2\/tags?post=68664"},{"taxonomy":"author","embeddable":true,"href":"https:\/\/www.radiosanctispiritus.cu\/es\/wp-json\/wp\/v2\/coauthors?post=68664"}],"curies":[{"name":"wp","href":"https:\/\/api.w.org\/{rel}","templated":true}]}}