{"id":68659,"date":"2026-04-30T03:02:34","date_gmt":"2026-04-30T07:02:34","guid":{"rendered":"https:\/\/www.radiosanctispiritus.cu\/es\/?p=68659"},"modified":"2026-04-30T03:13:33","modified_gmt":"2026-04-30T07:13:33","slug":"combatientes-espirituanos-firman-a-favor-de-la-paz-y-la-soberania-nacional","status":"publish","type":"post","link":"https:\/\/www.radiosanctispiritus.cu\/es\/combatientes-espirituanos-firman-a-favor-de-la-paz-y-la-soberania-nacional\/","title":{"rendered":"Combatientes espirituanos firman a favor de la paz y la soberan\u00eda nacional"},"content":{"rendered":"<p dir=\"ltr\">Integrantes de la Asociaci\u00f3n de Combatientes de la Revoluci\u00f3n Cubana en Sancti Sp\u00edritus participaron en el acto de respaldo al movimiento popular \u201cMi Firma por la Patria\u201d como parte de una iniciativa promovida por la sociedad civil.<\/p>\n<p dir=\"ltr\">El proceso estuvo orientado a expresar respaldo a la paz, la soberan\u00eda nacional y la autodeterminaci\u00f3n, y as\u00ed nos lo confirm\u00f3 el teniente coronel Luis Cabrera P\u00e9rez, Jefe de la secretar\u00eda del trabajo patri\u00f3tico militar en ese gremio.<\/p>\n<p dir=\"ltr\">En comunidades y espacios p\u00fablicos, los participantes intercambiaron criterios y manifestaron su posici\u00f3n a favor de la paz.<\/p>\n<p dir=\"ltr\">La convocatoria prioriz\u00f3 la presencia directa de las ciudadan\u00eda y su compromiso con los principios defendidos.<\/p>\n<p dir=\"ltr\">Estas acciones se desarrollaron en correspondencia con un llamado nacional a respaldar, mediante la firma, valores asociados a la defensa del pa\u00eds y la convivencia pac\u00edfica.<\/p>\n<p dir=\"ltr\"><iframe src=\"https:\/\/www.ivoox.com\/player_ej_172836117_6_1.html?c1=7a0d0b\" width=\"100%\" height=\"200\" frameborder=\"0\" scrolling=\"no\" allowfullscreen=\"allowfullscreen\"><\/iframe><\/p>\n","protected":false},"excerpt":{"rendered":"<p>Integrantes de la Asociaci\u00f3n de Combatientes de la Revoluci\u00f3n Cubana en Sancti Sp\u00edritus participaron en el acto de respaldo al movimiento popular \u201cMi Firma por la Patria\u201d como parte de una iniciativa promovida por la sociedad civil.<\/p>\n","protected":false},"author":18,"featured_media":46043,"comment_status":"open","ping_status":"open","sticky":false,"template":"","format":"standard","meta":{"_acf_changed":false,"footnotes":""},"categories":[3,8,1],"tags":[1312,328,413,2204],"coauthors":[1874],"class_list":["post-68659","post","type-post","status-publish","format-standard","has-post-thumbnail","hentry","category-cuba","category-noticia","category-sancti-spiritus","tag-asociacion-de-combatientes-de-la-revolucion-cubana","tag-combatientes","tag-cuba-paz","tag-soberania"],"acf":[],"_links":{"self":[{"href":"https:\/\/www.radiosanctispiritus.cu\/es\/wp-json\/wp\/v2\/posts\/68659","targetHints":{"allow":["GET"]}}],"collection":[{"href":"https:\/\/www.radiosanctispiritus.cu\/es\/wp-json\/wp\/v2\/posts"}],"about":[{"href":"https:\/\/www.radiosanctispiritus.cu\/es\/wp-json\/wp\/v2\/types\/post"}],"author":[{"embeddable":true,"href":"https:\/\/www.radiosanctispiritus.cu\/es\/wp-json\/wp\/v2\/users\/18"}],"replies":[{"embeddable":true,"href":"https:\/\/www.radiosanctispiritus.cu\/es\/wp-json\/wp\/v2\/comments?post=68659"}],"version-history":[{"count":4,"href":"https:\/\/www.radiosanctispiritus.cu\/es\/wp-json\/wp\/v2\/posts\/68659\/revisions"}],"predecessor-version":[{"id":68663,"href":"https:\/\/www.radiosanctispiritus.cu\/es\/wp-json\/wp\/v2\/posts\/68659\/revisions\/68663"}],"wp:featuredmedia":[{"embeddable":true,"href":"https:\/\/www.radiosanctispiritus.cu\/es\/wp-json\/wp\/v2\/media\/46043"}],"wp:attachment":[{"href":"https:\/\/www.radiosanctispiritus.cu\/es\/wp-json\/wp\/v2\/media?parent=68659"}],"wp:term":[{"taxonomy":"category","embeddable":true,"href":"https:\/\/www.radiosanctispiritus.cu\/es\/wp-json\/wp\/v2\/categories?post=68659"},{"taxonomy":"post_tag","embeddable":true,"href":"https:\/\/www.radiosanctispiritus.cu\/es\/wp-json\/wp\/v2\/tags?post=68659"},{"taxonomy":"author","embeddable":true,"href":"https:\/\/www.radiosanctispiritus.cu\/es\/wp-json\/wp\/v2\/coauthors?post=68659"}],"curies":[{"name":"wp","href":"https:\/\/api.w.org\/{rel}","templated":true}]}}