{"id":68653,"date":"2026-04-30T03:03:46","date_gmt":"2026-04-30T07:03:46","guid":{"rendered":"https:\/\/www.radiosanctispiritus.cu\/es\/?p=68653"},"modified":"2026-04-30T07:28:42","modified_gmt":"2026-04-30T11:28:42","slug":"investigan-en-sancti-spiritus-denuncia-de-presunto-maltrato-infantil-video","status":"publish","type":"post","link":"https:\/\/www.radiosanctispiritus.cu\/es\/investigan-en-sancti-spiritus-denuncia-de-presunto-maltrato-infantil-video\/","title":{"rendered":"Investigan en Sancti Sp\u00edritus denuncia de presunto maltrato infantil (+ Video)"},"content":{"rendered":"<p>Autoridades de la provincia de Sancti Sp\u00edritus investigan, por estos d\u00edas, un hecho que ha estremecido a la opini\u00f3n p\u00fablica y volvi\u00f3 a colocar en el centro del debate una verdad elemental: la infancia debe ser protegida con rigor y humanidad frente a cualquier manifestaci\u00f3n de violencia.<\/p>\n<p>La pesquisa se sigue contra una madre de 24 a\u00f1os, imputada por un presunto delito de otros actos contrarios al desarrollo integral de la persona menor de edad, mientras tres hijos suyos \u2014de 1, 5 y 7 a\u00f1os\u2014 permanecen bajo resguardo familiar.<\/p>\n<p>El caso se origin\u00f3 a partir de la denuncia presentada por el familiar de uno de los ni\u00f1os y desde entonces, seg\u00fan explic\u00f3 F\u00e9lix S\u00e1nchez Carrero, fiscal jefe del Departamento de Protecci\u00f3n de la Familia y Asuntos Jurisdiccionales de la Fiscal\u00eda Provincial, comenzaron las diligencias iniciales para esclarecer lo ocurrido.<\/p>\n<p>\u201cSe trata de la puesta en conocimiento de las autoridades, la atenci\u00f3n m\u00e9dica al menor, la calificaci\u00f3n preliminar de las lesiones y la continuidad del proceso investigativo para determinar la gravedad de los hechos y la medida penal que, en definitiva, corresponda\u201d, afirm\u00f3 el fiscal.<\/p>\n<p>S\u00e1nchez Carrero precis\u00f3 adem\u00e1s que, tras la radicaci\u00f3n de la denuncia, se procedi\u00f3 a la detenci\u00f3n de la imputada. \u201cInicialmente se asegur\u00f3 con una fianza que no est\u00e1 constituida y se mantiene en detenci\u00f3n; en estos momentos las autoridades determinan si procede la imposici\u00f3n de la medida cautelar de prisi\u00f3n provisional\u201d, se\u00f1al\u00f3.<\/p>\n<p>El fiscal explic\u00f3, igualmente, que los menores quedaron a resguardo: los dos m\u00e1s peque\u00f1os, al cuidado de su abuela paterna; y la ni\u00f1a mayor, tambi\u00e9n con su abuela paterna, debido a que se trata de hermanos de distintos padres. En estos momentos, dijo, se eval\u00faa si ese entorno resulta seguro y estable o si, de mantenerse la situaci\u00f3n procesal actual, ser\u00e1 necesario adoptar otra medida de protecci\u00f3n, ya sea el acogimiento por otro familiar o incluso una alternativa institucional.<\/p>\n<p>El hecho, que ha circulado intensamente en redes sociales y ha sido reproducido por diversos medios, no puede leerse solo desde la emoci\u00f3n inmediata ni desde el juicio precipitado.<\/p>\n<p>LA VIOLENCIA NO TIENE CABIDA EN LA SOCIEDAD<\/p>\n<p>En Cuba, la Constituci\u00f3n establece que el Estado, la sociedad y la familia tienen la obligaci\u00f3n de brindar especial protecci\u00f3n a ni\u00f1as, ni\u00f1os y adolescentes, garantizar su desarrollo arm\u00f3nico e integral y protegerlos contra todo tipo de violencia. Tambi\u00e9n ordena a madres, padres y otros parientes con funciones de guarda y cuidado respetar y garantizar el pleno ejercicio de sus derechos. Esa es la vara jur\u00eddica y \u00e9tica con la que deben examinarse casos como este.<\/p>\n<p>S\u00e1nchez Carrero explic\u00f3 que el marco sancionador para este delito puede oscilar entre seis meses y un a\u00f1o de privaci\u00f3n de libertad, o multas, con posibilidad de agravarse hasta dos a\u00f1os si se determinan graves perjuicios para la salud o la integridad f\u00edsica de la v\u00edctima.<\/p>\n<p>M\u00e1s all\u00e1 del tecnicismo jur\u00eddico, el centro del asunto est\u00e1 en la condici\u00f3n de vulnerabilidad de los ni\u00f1os. La infancia no es un ap\u00e9ndice de la vida familiar ni una zona gris donde el dolor se normaliza. Es un territorio de m\u00e1xima protecci\u00f3n. Por eso, cuando una denuncia activa la maquinaria institucional, lo esencial no es el ruido medi\u00e1tico, sino asegurar el bienestar de los menores y evitar cualquier nueva forma de da\u00f1o.<\/p>\n<p>En casos as\u00ed, la investigaci\u00f3n no solo busca establecer si hubo maltrato o lesi\u00f3n; tambi\u00e9n intenta reconstruir el contexto, identificar las circunstancias de cuidado, valorar la responsabilidad parental y evaluar la red de apoyo disponible alrededor de los ni\u00f1os.<\/p>\n<p>Esa mirada resulta decisiva. Un expediente de esta naturaleza no se resuelve \u00fanicamente con una sanci\u00f3n. Exige, adem\u00e1s, una respuesta social que reduzca el riesgo de repetici\u00f3n y proteja la estabilidad emocional de quienes han quedado en medio del conflicto.<\/p>\n<p>El C\u00f3digo de las Familias y la normativa procesal cubana han insistido en la necesidad de un tratamiento especializado, interdisciplinario y centrado en el inter\u00e9s superior del ni\u00f1o, principio que orienta toda decisi\u00f3n vinculada a menores de edad. Esa l\u00f3gica tambi\u00e9n se refleja en la pr\u00e1ctica institucional que prev\u00e9 la escucha de los ni\u00f1os y el acompa\u00f1amiento de especialistas para valorar lo que m\u00e1s conviene a su protecci\u00f3n y desarrollo.<\/p>\n<p>Lo que sigue depender\u00e1 del resultado de la investigaci\u00f3n y de la valoraci\u00f3n de todas las instituciones involucradas. En un caso as\u00ed, la prioridad no cambia: proteger a los menores, esclarecer los hechos y actuar con la firmeza que exige la ley y la sensibilidad que demanda la infancia.<\/p>\n<p><iframe width=\"560\" height=\"315\" src=\"https:\/\/www.youtube.com\/embed\/LUuDKNAkf88?si=UTYuBx-VowGJwQnf\" title=\"YouTube video player\" frameborder=\"0\" allow=\"accelerometer; autoplay; clipboard-write; encrypted-media; gyroscope; picture-in-picture; web-share\" referrerpolicy=\"strict-origin-when-cross-origin\" allowfullscreen><\/iframe><\/p>\n","protected":false},"excerpt":{"rendered":"<p>La Fiscal\u00eda Provincial de Sancti Sp\u00edritus investiga un presunto delito de otros actos contrarios al desarrollo integral de la persona menor de edad, a partir de la denuncia presentada por un familiar.<\/p>\n","protected":false},"author":29,"featured_media":68657,"comment_status":"open","ping_status":"open","sticky":false,"template":"","format":"standard","meta":{"_acf_changed":false,"footnotes":""},"categories":[1],"tags":[462,839,279,766],"coauthors":[1856],"class_list":["post-68653","post","type-post","status-publish","format-standard","has-post-thumbnail","hentry","category-sancti-spiritus","tag-fiscalia","tag-infancia","tag-justicia","tag-violencia"],"acf":[],"_links":{"self":[{"href":"https:\/\/www.radiosanctispiritus.cu\/es\/wp-json\/wp\/v2\/posts\/68653","targetHints":{"allow":["GET"]}}],"collection":[{"href":"https:\/\/www.radiosanctispiritus.cu\/es\/wp-json\/wp\/v2\/posts"}],"about":[{"href":"https:\/\/www.radiosanctispiritus.cu\/es\/wp-json\/wp\/v2\/types\/post"}],"author":[{"embeddable":true,"href":"https:\/\/www.radiosanctispiritus.cu\/es\/wp-json\/wp\/v2\/users\/29"}],"replies":[{"embeddable":true,"href":"https:\/\/www.radiosanctispiritus.cu\/es\/wp-json\/wp\/v2\/comments?post=68653"}],"version-history":[{"count":5,"href":"https:\/\/www.radiosanctispiritus.cu\/es\/wp-json\/wp\/v2\/posts\/68653\/revisions"}],"predecessor-version":[{"id":68696,"href":"https:\/\/www.radiosanctispiritus.cu\/es\/wp-json\/wp\/v2\/posts\/68653\/revisions\/68696"}],"wp:featuredmedia":[{"embeddable":true,"href":"https:\/\/www.radiosanctispiritus.cu\/es\/wp-json\/wp\/v2\/media\/68657"}],"wp:attachment":[{"href":"https:\/\/www.radiosanctispiritus.cu\/es\/wp-json\/wp\/v2\/media?parent=68653"}],"wp:term":[{"taxonomy":"category","embeddable":true,"href":"https:\/\/www.radiosanctispiritus.cu\/es\/wp-json\/wp\/v2\/categories?post=68653"},{"taxonomy":"post_tag","embeddable":true,"href":"https:\/\/www.radiosanctispiritus.cu\/es\/wp-json\/wp\/v2\/tags?post=68653"},{"taxonomy":"author","embeddable":true,"href":"https:\/\/www.radiosanctispiritus.cu\/es\/wp-json\/wp\/v2\/coauthors?post=68653"}],"curies":[{"name":"wp","href":"https:\/\/api.w.org\/{rel}","templated":true}]}}