{"id":68646,"date":"2026-04-29T18:15:21","date_gmt":"2026-04-29T22:15:21","guid":{"rendered":"https:\/\/www.radiosanctispiritus.cu\/es\/?p=68646"},"modified":"2026-04-29T16:27:52","modified_gmt":"2026-04-29T20:27:52","slug":"patentizan-pobladores-de-guayos-apoyo-a-la-revolucion","status":"publish","type":"post","link":"https:\/\/www.radiosanctispiritus.cu\/es\/patentizan-pobladores-de-guayos-apoyo-a-la-revolucion\/","title":{"rendered":"Patentizan pobladores de Guayos apoyo a la Revoluci\u00f3n"},"content":{"rendered":"<p>Con la alegr\u00eda, el entusiasmo y el compromiso que los caracteriza, al ritmo de la conga de Garibaldi, los guayenses celebraron la ma\u00f1ana de este mi\u00e9rcoles, el D\u00eda Internacional de los Trabajadores, en una jornada que devino demostraci\u00f3n de apoyo a los l\u00edderes hist\u00f3ricos de la revoluci\u00f3n y su continuidad. Un desfile que abrieron los estudiantes y trabajadores del sector educacional de este Consejo Popular y en el que participaron representantes de todos los sectores de la vida econ\u00f3mica y social del territorio, con notas sobresalientes para los campesinos.<\/p>\n<p>Acreedores de la sede del acto provincial por el 17 de mayo, raz\u00f3n por la cual \u00d3scar Enrique de la Cruz Col, presidente de la UPC Guayos, alz\u00f3 su voz en nombre del pueblo trabajador.<\/p>\n<p>\u201cFidel, ese gigante que hoy recordamos con el sudor de nuestra frente, nos dej\u00f3 un concepto de revoluci\u00f3n que hoy m\u00e1s que nunca es un programa de acci\u00f3n para cada centro laboral. Porque revoluci\u00f3n es sentido del momento hist\u00f3rico, es cambiar todo lo que debe ser cambiado, es desafiar poderosas fuerzas dominantes. Y es defender valores en los que se cree al precio de cualquier sacrificio. Eso es lo que hacemos cada d\u00eda, cuando un m\u00e9dico no abandona su consultorio sin electricidad, cuando<\/p>\n<p>un maestro ilumina su aula con una pizarra y la voz, cuando un campesino ara la tierra, cuando un obrero busca soluciones, donde otros solo ven carencias. Esa es la estirpe de este pueblo, los que fundan frente a los que odian y destruyen\u201d.<\/p>\n<p>En correspondencia con la premisa fidelista de que en los tiempos dif\u00edciles es cuando se prueban los hombres y las mujeres, los que valen algo, la Central de Trabajadores de Cuba en el municipio reconoci\u00f3 al policl\u00ednico y la CSS Ram\u00f3n Balboa, la Casa de Cultura Elcire P\u00e9rez. Al cierre del acto, Emilka Fern\u00e1ndez Campo, m\u00e1xima representante de la CTC en Cabaigu\u00e1n, felicit\u00f3 al pueblo por su demostraci\u00f3n de optimismo e inquebrantable fe en la victoria y los convoc\u00f3 a continuar defendiendo la patria, \u00a0la exigencia y la resistencia como valores sagrados. No nos entendemos. Respondi\u00f3 entonces el tit\u00e1n de bronce. Y esa sigue siendo nuestra respuesta ante cualquier intento de sometimiento. Estuvieron presentes en la celebraci\u00f3n adelantada del 1 de mayo en Guayos Noelvis L\u00f3pez Acerio, miembro del Bur\u00f3 Municipal del Partido Comunista de Cuba, Laritza Concepci\u00f3n del Toro, presidenta de la Asamblea del Poder Popular y Alberto Beat\u00f3n N\u00fa\u00f1ez, intendente del municipio.<br \/>\n<iframe src=\"https:\/\/www.ivoox.com\/player_ej_172832108_6_1.html?c1=7a0d0b\" width=\"100%\" height=\"200\" frameborder=\"0\" allowfullscreen=\"\" scrolling=\"no\" loading=\"lazy\"><\/iframe><\/p>\n","protected":false},"excerpt":{"rendered":"<p>Con la alegr\u00eda, el entusiasmo y el compromiso que los caracteriza, al ritmo de la conga de Garibaldi, los guayenses celebraron la ma\u00f1ana de este mi\u00e9rcoles, el D\u00eda Internacional de los Trabajadores, en una jornada que devino demostraci\u00f3n de apoyo a los l\u00edderes hist\u00f3ricos de la revoluci\u00f3n y su continuidad. Un desfile que abrieron los [&hellip;]<\/p>\n","protected":false},"author":135,"featured_media":68647,"comment_status":"open","ping_status":"open","sticky":false,"template":"","format":"standard","meta":{"_acf_changed":false,"footnotes":""},"categories":[9],"tags":[],"coauthors":[1863],"class_list":["post-68646","post","type-post","status-publish","format-standard","has-post-thumbnail","hentry","category-en-audio"],"acf":[],"_links":{"self":[{"href":"https:\/\/www.radiosanctispiritus.cu\/es\/wp-json\/wp\/v2\/posts\/68646","targetHints":{"allow":["GET"]}}],"collection":[{"href":"https:\/\/www.radiosanctispiritus.cu\/es\/wp-json\/wp\/v2\/posts"}],"about":[{"href":"https:\/\/www.radiosanctispiritus.cu\/es\/wp-json\/wp\/v2\/types\/post"}],"author":[{"embeddable":true,"href":"https:\/\/www.radiosanctispiritus.cu\/es\/wp-json\/wp\/v2\/users\/135"}],"replies":[{"embeddable":true,"href":"https:\/\/www.radiosanctispiritus.cu\/es\/wp-json\/wp\/v2\/comments?post=68646"}],"version-history":[{"count":1,"href":"https:\/\/www.radiosanctispiritus.cu\/es\/wp-json\/wp\/v2\/posts\/68646\/revisions"}],"predecessor-version":[{"id":68648,"href":"https:\/\/www.radiosanctispiritus.cu\/es\/wp-json\/wp\/v2\/posts\/68646\/revisions\/68648"}],"wp:featuredmedia":[{"embeddable":true,"href":"https:\/\/www.radiosanctispiritus.cu\/es\/wp-json\/wp\/v2\/media\/68647"}],"wp:attachment":[{"href":"https:\/\/www.radiosanctispiritus.cu\/es\/wp-json\/wp\/v2\/media?parent=68646"}],"wp:term":[{"taxonomy":"category","embeddable":true,"href":"https:\/\/www.radiosanctispiritus.cu\/es\/wp-json\/wp\/v2\/categories?post=68646"},{"taxonomy":"post_tag","embeddable":true,"href":"https:\/\/www.radiosanctispiritus.cu\/es\/wp-json\/wp\/v2\/tags?post=68646"},{"taxonomy":"author","embeddable":true,"href":"https:\/\/www.radiosanctispiritus.cu\/es\/wp-json\/wp\/v2\/coauthors?post=68646"}],"curies":[{"name":"wp","href":"https:\/\/api.w.org\/{rel}","templated":true}]}}