{"id":68642,"date":"2026-04-29T18:25:17","date_gmt":"2026-04-29T22:25:17","guid":{"rendered":"https:\/\/www.radiosanctispiritus.cu\/es\/?p=68642"},"modified":"2026-04-29T16:32:23","modified_gmt":"2026-04-29T20:32:23","slug":"educadores-de-la-sierpe-perfilan-su-participacion-en-desfile-por-el-primero-de-mayo","status":"publish","type":"post","link":"https:\/\/www.radiosanctispiritus.cu\/es\/educadores-de-la-sierpe-perfilan-su-participacion-en-desfile-por-el-primero-de-mayo\/","title":{"rendered":"Educadores de La Sierpe perfilan su participaci\u00f3n en desfile por el Primero de Mayo"},"content":{"rendered":"<p>Con toda lucidez y mucho entusiasmo arribar\u00e1 la Direcci\u00f3n General de Educaci\u00f3n en la Sierpe al 1 de mayo la fiesta de los trabajadores.<\/p>\n<p>La limpieza y engalanamiento de la instituci\u00f3n se realiza con el concurso de los 82 afiliados a esta secci\u00f3n sindical.<\/p>\n<p>Con m\u00faltiples iniciativas a la altura de la celebraci\u00f3n. Los trabajadores del Sindicato de la Educaci\u00f3n, la Ciencia y el Deporte abrir\u00e1n el desfile este 1 de mayo en La Sierpe, con un bloque compacto entre sus representantes de las distintas instituciones de la cabecera municipal y la acostumbrada asistencia de los pioneros y estudiantes, con banderas, pancartas y otras muchas iniciativas.<\/p>\n<p>Convencidos de que la patria se defiende y de que esta celebraci\u00f3n constituye tambi\u00e9n una clara respuesta al imperio y sus amenazas, y de apoyo incondicional a la Revoluci\u00f3n y al eterno comandante en jefe Fidel en el centenario de su natalicio, los trabajadores de la Direcci\u00f3n General de Educaci\u00f3n en La Sierpe, ultiman cada detalle para este momento de alegr\u00eda y j\u00fabilo que enriquecer\u00e1 la historia del m\u00e1s joven municipio cubano.<\/p>\n<p><iframe src=\"https:\/\/www.ivoox.com\/player_ej_172832518_6_1.html?c1=7a0d0b\" width=\"100%\" height=\"200\" frameborder=\"0\" scrolling=\"no\" allowfullscreen=\"allowfullscreen\"><\/iframe><\/p>\n","protected":false},"excerpt":{"rendered":"<p>Con toda lucidez y mucho entusiasmo arribar\u00e1 la Direcci\u00f3n General de Educaci\u00f3n en la Sierpe al 1 de mayo la fiesta de los trabajadores. La limpieza y engalanamiento de la instituci\u00f3n se realiza con el concurso de los 82 afiliados a esta secci\u00f3n sindical. Con m\u00faltiples iniciativas a la altura de la celebraci\u00f3n. Los trabajadores [&hellip;]<\/p>\n","protected":false},"author":136,"featured_media":67993,"comment_status":"open","ping_status":"open","sticky":false,"template":"","format":"standard","meta":{"_acf_changed":false,"footnotes":""},"categories":[9],"tags":[],"coauthors":[1875],"class_list":["post-68642","post","type-post","status-publish","format-standard","has-post-thumbnail","hentry","category-en-audio"],"acf":[],"_links":{"self":[{"href":"https:\/\/www.radiosanctispiritus.cu\/es\/wp-json\/wp\/v2\/posts\/68642","targetHints":{"allow":["GET"]}}],"collection":[{"href":"https:\/\/www.radiosanctispiritus.cu\/es\/wp-json\/wp\/v2\/posts"}],"about":[{"href":"https:\/\/www.radiosanctispiritus.cu\/es\/wp-json\/wp\/v2\/types\/post"}],"author":[{"embeddable":true,"href":"https:\/\/www.radiosanctispiritus.cu\/es\/wp-json\/wp\/v2\/users\/136"}],"replies":[{"embeddable":true,"href":"https:\/\/www.radiosanctispiritus.cu\/es\/wp-json\/wp\/v2\/comments?post=68642"}],"version-history":[{"count":1,"href":"https:\/\/www.radiosanctispiritus.cu\/es\/wp-json\/wp\/v2\/posts\/68642\/revisions"}],"predecessor-version":[{"id":68649,"href":"https:\/\/www.radiosanctispiritus.cu\/es\/wp-json\/wp\/v2\/posts\/68642\/revisions\/68649"}],"wp:featuredmedia":[{"embeddable":true,"href":"https:\/\/www.radiosanctispiritus.cu\/es\/wp-json\/wp\/v2\/media\/67993"}],"wp:attachment":[{"href":"https:\/\/www.radiosanctispiritus.cu\/es\/wp-json\/wp\/v2\/media?parent=68642"}],"wp:term":[{"taxonomy":"category","embeddable":true,"href":"https:\/\/www.radiosanctispiritus.cu\/es\/wp-json\/wp\/v2\/categories?post=68642"},{"taxonomy":"post_tag","embeddable":true,"href":"https:\/\/www.radiosanctispiritus.cu\/es\/wp-json\/wp\/v2\/tags?post=68642"},{"taxonomy":"author","embeddable":true,"href":"https:\/\/www.radiosanctispiritus.cu\/es\/wp-json\/wp\/v2\/coauthors?post=68642"}],"curies":[{"name":"wp","href":"https:\/\/api.w.org\/{rel}","templated":true}]}}