{"id":68637,"date":"2026-04-29T15:03:02","date_gmt":"2026-04-29T19:03:02","guid":{"rendered":"https:\/\/www.radiosanctispiritus.cu\/es\/?p=68637"},"modified":"2026-04-29T15:03:02","modified_gmt":"2026-04-29T19:03:02","slug":"entre-labores-de-embellecimiento-y-compromiso-politico-comunales-sancti-spiritus-saluda-el-primero-de-mayo","status":"publish","type":"post","link":"https:\/\/www.radiosanctispiritus.cu\/es\/entre-labores-de-embellecimiento-y-compromiso-politico-comunales-sancti-spiritus-saluda-el-primero-de-mayo\/","title":{"rendered":"Entre labores de embellecimiento y compromiso pol\u00edtico, Comunales Sancti Sp\u00edritus saluda el Primero de Mayo"},"content":{"rendered":"<p>En v\u00edsperas del D\u00eda Internacional de los Trabajadores, el sector de comunales en Sancti Sp\u00edritus se moviliza con jornadas de higienizaci\u00f3n que abarcan comunidades, plazas y espacios p\u00fablicos, reafirmando que la patria se defiende desde el esfuerzo diario.<\/p>\n<p>Seg\u00fan Luis Javier Nazco Pi\u00f1a, jefe de departamento de esa esfera del gobierno provincial, las acciones incluyen la limpieza y embellecimiento de \u00e1reas urbanas, la pintura de parques, la reparaci\u00f3n de aceras y la construcci\u00f3n de supiaderos.<\/p>\n<p><iframe src=\"https:\/\/www.ivoox.com\/player_ej_172743873_6_1.html?c1=7a0d0b\" width=\"100%\" height=\"200\" frameborder=\"0\" scrolling=\"no\" allowfullscreen=\"allowfullscreen\"><\/iframe><\/p>\n","protected":false},"excerpt":{"rendered":"<p>En v\u00edsperas del D\u00eda Internacional de los Trabajadores, el sector de comunales en Sancti Sp\u00edritus se moviliza con jornadas de higienizaci\u00f3n que abarcan comunidades, plazas y espacios p\u00fablicos, reafirmando que la patria se defiende desde el esfuerzo diario.<\/p>\n","protected":false},"author":166,"featured_media":68639,"comment_status":"open","ping_status":"open","sticky":false,"template":"","format":"standard","meta":{"_acf_changed":false,"footnotes":""},"categories":[8,9,1],"tags":[],"coauthors":[1901],"class_list":["post-68637","post","type-post","status-publish","format-standard","has-post-thumbnail","hentry","category-noticia","category-en-audio","category-sancti-spiritus"],"acf":[],"_links":{"self":[{"href":"https:\/\/www.radiosanctispiritus.cu\/es\/wp-json\/wp\/v2\/posts\/68637","targetHints":{"allow":["GET"]}}],"collection":[{"href":"https:\/\/www.radiosanctispiritus.cu\/es\/wp-json\/wp\/v2\/posts"}],"about":[{"href":"https:\/\/www.radiosanctispiritus.cu\/es\/wp-json\/wp\/v2\/types\/post"}],"author":[{"embeddable":true,"href":"https:\/\/www.radiosanctispiritus.cu\/es\/wp-json\/wp\/v2\/users\/166"}],"replies":[{"embeddable":true,"href":"https:\/\/www.radiosanctispiritus.cu\/es\/wp-json\/wp\/v2\/comments?post=68637"}],"version-history":[{"count":1,"href":"https:\/\/www.radiosanctispiritus.cu\/es\/wp-json\/wp\/v2\/posts\/68637\/revisions"}],"predecessor-version":[{"id":68641,"href":"https:\/\/www.radiosanctispiritus.cu\/es\/wp-json\/wp\/v2\/posts\/68637\/revisions\/68641"}],"wp:featuredmedia":[{"embeddable":true,"href":"https:\/\/www.radiosanctispiritus.cu\/es\/wp-json\/wp\/v2\/media\/68639"}],"wp:attachment":[{"href":"https:\/\/www.radiosanctispiritus.cu\/es\/wp-json\/wp\/v2\/media?parent=68637"}],"wp:term":[{"taxonomy":"category","embeddable":true,"href":"https:\/\/www.radiosanctispiritus.cu\/es\/wp-json\/wp\/v2\/categories?post=68637"},{"taxonomy":"post_tag","embeddable":true,"href":"https:\/\/www.radiosanctispiritus.cu\/es\/wp-json\/wp\/v2\/tags?post=68637"},{"taxonomy":"author","embeddable":true,"href":"https:\/\/www.radiosanctispiritus.cu\/es\/wp-json\/wp\/v2\/coauthors?post=68637"}],"curies":[{"name":"wp","href":"https:\/\/api.w.org\/{rel}","templated":true}]}}