{"id":68629,"date":"2026-04-29T14:53:07","date_gmt":"2026-04-29T18:53:07","guid":{"rendered":"https:\/\/www.radiosanctispiritus.cu\/es\/?p=68629"},"modified":"2026-04-29T14:53:07","modified_gmt":"2026-04-29T18:53:07","slug":"confieren-medalla-jesus-menendez-a-instituciones-y-trabajadores-espirituanos-de-la-cultura","status":"publish","type":"post","link":"https:\/\/www.radiosanctispiritus.cu\/es\/confieren-medalla-jesus-menendez-a-instituciones-y-trabajadores-espirituanos-de-la-cultura\/","title":{"rendered":"Confieren medalla Jes\u00fas Men\u00e9ndez a instituciones y trabajadores espirituanos de la cultura"},"content":{"rendered":"<p class=\"ds-markdown-paragraph\">El peri\u00f3dico Escambray, la Biblioteca Provincial Rub\u00e9n Mart\u00ednez Villena y la Unidad Empresarial de Base Propaganda y Eventos engordan sus expedientes laborales con la medalla Jes\u00fas Men\u00e9ndez, propuesta por el Consejo de Ministros y el Secretariado de la Central de Trabajadores de Cuba.<\/p>\n<p class=\"ds-markdown-paragraph\">Esta medalla se otorga a colectivos laborales que hayan resultado distinguidos o vanguardias nacionales durante cinco a\u00f1os o m\u00e1s.<\/p>\n<p class=\"ds-markdown-paragraph\">Las tres instituciones espirituanas reciben el reconocimiento por sus m\u00e9ritos en el desempe\u00f1o sostenido, como parte del homenaje al D\u00eda Internacional de los Trabajadores.<\/p>\n<p><iframe src=\"https:\/\/www.ivoox.com\/player_ej_172815589_6_1.html?c1=7a0d0b\" width=\"100%\" height=\"200\" frameborder=\"0\" scrolling=\"no\" allowfullscreen=\"allowfullscreen\"><\/iframe><\/p>\n","protected":false},"excerpt":{"rendered":"<p>El peri\u00f3dico Escambray, la Biblioteca Provincial Rub\u00e9n Mart\u00ednez Villena y la Unidad Empresarial de Base Propaganda y Eventos engordan sus expedientes laborales con la medalla Jes\u00fas Men\u00e9ndez, propuesta por el Consejo de Ministros y el Secretariado de la Central de Trabajadores de Cuba.<\/p>\n","protected":false},"author":12,"featured_media":68631,"comment_status":"open","ping_status":"open","sticky":false,"template":"","format":"standard","meta":{"_acf_changed":false,"footnotes":""},"categories":[8,6,9,1],"tags":[],"coauthors":[1864],"class_list":["post-68629","post","type-post","status-publish","format-standard","has-post-thumbnail","hentry","category-noticia","category-cultura","category-en-audio","category-sancti-spiritus"],"acf":[],"_links":{"self":[{"href":"https:\/\/www.radiosanctispiritus.cu\/es\/wp-json\/wp\/v2\/posts\/68629","targetHints":{"allow":["GET"]}}],"collection":[{"href":"https:\/\/www.radiosanctispiritus.cu\/es\/wp-json\/wp\/v2\/posts"}],"about":[{"href":"https:\/\/www.radiosanctispiritus.cu\/es\/wp-json\/wp\/v2\/types\/post"}],"author":[{"embeddable":true,"href":"https:\/\/www.radiosanctispiritus.cu\/es\/wp-json\/wp\/v2\/users\/12"}],"replies":[{"embeddable":true,"href":"https:\/\/www.radiosanctispiritus.cu\/es\/wp-json\/wp\/v2\/comments?post=68629"}],"version-history":[{"count":2,"href":"https:\/\/www.radiosanctispiritus.cu\/es\/wp-json\/wp\/v2\/posts\/68629\/revisions"}],"predecessor-version":[{"id":68633,"href":"https:\/\/www.radiosanctispiritus.cu\/es\/wp-json\/wp\/v2\/posts\/68629\/revisions\/68633"}],"wp:featuredmedia":[{"embeddable":true,"href":"https:\/\/www.radiosanctispiritus.cu\/es\/wp-json\/wp\/v2\/media\/68631"}],"wp:attachment":[{"href":"https:\/\/www.radiosanctispiritus.cu\/es\/wp-json\/wp\/v2\/media?parent=68629"}],"wp:term":[{"taxonomy":"category","embeddable":true,"href":"https:\/\/www.radiosanctispiritus.cu\/es\/wp-json\/wp\/v2\/categories?post=68629"},{"taxonomy":"post_tag","embeddable":true,"href":"https:\/\/www.radiosanctispiritus.cu\/es\/wp-json\/wp\/v2\/tags?post=68629"},{"taxonomy":"author","embeddable":true,"href":"https:\/\/www.radiosanctispiritus.cu\/es\/wp-json\/wp\/v2\/coauthors?post=68629"}],"curies":[{"name":"wp","href":"https:\/\/api.w.org\/{rel}","templated":true}]}}