{"id":68624,"date":"2026-04-30T07:11:14","date_gmt":"2026-04-30T11:11:14","guid":{"rendered":"https:\/\/www.radiosanctispiritus.cu\/es\/?p=68624"},"modified":"2026-04-29T14:51:31","modified_gmt":"2026-04-29T18:51:31","slug":"ricardo-delgado-toma-por-asalto-ciclismo-de-espana","status":"publish","type":"post","link":"https:\/\/www.radiosanctispiritus.cu\/es\/ricardo-delgado-toma-por-asalto-ciclismo-de-espana\/","title":{"rendered":"Ricardo Delgado toma por asalto ciclismo de Espa\u00f1a"},"content":{"rendered":"<p class=\"western\"><span style=\"font-family: TAHOMA, sans-serif;\"><span style=\"font-size: large;\">El ciclista espirituano Ricardo Delgado firm\u00f3 una meritoria actuaci\u00f3n al finalizar en la d\u00e9cima posici\u00f3n de la categor\u00eda \u00e9lite y sub-23 en el III Trofeo Ciclista Aser Est\u00e9vez \/ Copa Criterium, disputado en G\u00e1ndara, Pontevedra, Espa\u00f1a, certamen que cont\u00f3 con la asistencia de alrededor de 250 corredores.<\/span><\/span><\/p>\n<p class=\"western\"><span style=\"font-family: TAHOMA, sans-serif;\"><span style=\"font-size: large;\">Delgado, quien milita en el Team Oiense \u2013 Escuela Est\u00e9vez, logr\u00f3 ubicarse entre los diez mejores de una exigente prueba de 45 vueltas, en la que volvi\u00f3 a medirse con un amplio pelot\u00f3n y donde dej\u00f3 buenas sensaciones sobre el asfalto espa\u00f1ol.<\/span><\/span><\/p>\n<p class=\"western\"><span style=\"font-family: TAHOMA, sans-serif;\"><span style=\"font-size: large;\">El ganador de la competencia, Jeison Jos\u00e9 Rujano, pertenece igualmente al Team Oiense \u2013 Escuela Est\u00e9vez, en el que milita el cabaiguanense Delgado, lo que resalta el dominio del conjunto en esta carrera. <\/span><\/span><\/p>\n<p class=\"western\"><span style=\"font-family: TAHOMA, sans-serif;\"><span style=\"font-size: large;\">En el segundo y tercer esca\u00f1o, respectivamente de la carrera, lo completaron Maximiliano Hern\u00e1ndez Aguilera (ODL Team\u2013Lasal Cocinas) y David Gonz\u00e1lez Borges (Ciclismo Oiense A.R.).<\/span><\/span><\/p>\n<p class=\"western\"><span style=\"font-family: TAHOMA, sans-serif;\"><span style=\"font-size: large;\">El cabaiguanense Delgado fue el quinto fichaje del club espa\u00f1ol, y de su incursi\u00f3n manifiesta: <\/span><\/span><span style=\"font-family: Tahoma, sans-serif;\"><span style=\"font-size: large;\">\u00ab<\/span><\/span><em><span style=\"font-family: Tahoma, sans-serif;\"><span style=\"font-size: large;\">Este 2026 ser\u00e1 mi primera temporada en el equipo, un conjunto que me da la oportunidad de regresar al ciclismo espa\u00f1ol; ya estuve hace un par de temporadas en un equipo de Catalu\u00f1a, y ahora regreso con una mejor preparaci\u00f3n y unas capacidades que como corredor puedo aportar al equipo.<\/span><\/span><\/em><\/p>\n<p class=\"western\"><em>\u201c<span style=\"font-family: Tahoma, sans-serif;\"><span style=\"font-size: large;\">Tengo confianza y voy a demostrar mi calidad y talento en un ciclismo exigente como el espa\u00f1ol, y de esta manera, poder seguir creciendo como corredor. Mi terreno favorito es la media monta\u00f1a, aunque tambi\u00e9n me defiendo bien en la contrarreloj. Mis objetivos para 2026 son dar lo mejor de m\u00ed y seguir mejorando a nivel profesional, y por supuesto, aportar el mayor n\u00famero de \u00e9xitos al Team Oiense\u201d.<\/span><\/span><\/em><\/p>\n<p class=\"western\"><span style=\"font-family: TAHOMA, sans-serif;\"><span style=\"font-size: large;\">La principal aspiraci\u00f3n de Ricardo Delgado es llevarse el boleto clasificatorio a los venideros Juegos Centroamericanos y del Caribe en Rep\u00fablica Dominicana. Escuchemos los criterios que nos dio v\u00eda la red social de WhatsApp.<\/span><\/span><\/p>\n<p class=\"western\">\u201c<span style=\"font-family: TAHOMA, sans-serif;\"><span style=\"font-size: large;\">Esta experiencia me abre las puertas para ganar en experiencia en un a\u00f1o donde tengo como principal compromiso ganar el boleto y defender los colores de mi provincia y de Cuba en los Juegos Centroamericanos de Rep\u00fablica Dominicana\u201d, manifest\u00f3 finalmente el yayabero Ricardo Delgado.<\/span><\/span><\/p>\n<p class=\"western\"><span style=\"font-family: TAHOMA, sans-serif;\"><span style=\"font-size: large;\">En la p\u00e1gina oficial del club espa\u00f1ol Team Oiense, su principal gestor, <\/span><\/span><span style=\"font-family: Tahoma, sans-serif;\"><span style=\"font-size: large;\">Aser Est\u00e9vez, habla de un corredor muy importante para el equipo este 2026<\/span><\/span><em><span style=\"font-family: Tahoma, sans-serif;\"><span style=\"font-size: large;\">. \u201cRicardo ya tiene experiencia en el ciclismo espa\u00f1ol, corri\u00f3 en otro equipo hace varias temporadas, y nos llega un corredor talentoso y diferencial, que domina los llanos dada su potencia y fortaleza f\u00edsica, que viene para dar estabilidad y solidez al equipo durante la primera parte de la temporada, otro de nuestros corredores m\u00e1s importantes para los grandes objetivos del calendario nacional. Es un corredor que me gusta mucho, no solo por su palmar\u00e9s, sino tambi\u00e9n por su gran calidad humana\u201d.<\/span><\/span><\/em><\/p>\n<p class=\"western\"><span style=\"font-family: TAHOMA, sans-serif;\"><span style=\"font-size: large;\">La actuaci\u00f3n de Delgado, considerado como el mejor ciclista de la actualidad en la tierra del Yayabo y que fue elegido dentro de los 10 mejores deportistas del pasado a\u00f1o en la provincia, reafirma el buen momento de esta joven figura del ciclismo cubano, que contin\u00faa abri\u00e9ndose paso dentro del circuito espa\u00f1ol, sumando experiencia y resultados competitivos.<\/span><\/span><\/p>\n<p class=\"western\"><span style=\"font-family: TAHOMA, sans-serif;\"><span style=\"font-size: large;\">Esta es la segunda experiencia de Ricardo Delgado dentro del ciclismo profesional de Espa\u00f1a, ya que anteriormente defendi\u00f3 los colores de la camiseta del ControlPack.<\/span><\/span><\/p>\n","protected":false},"excerpt":{"rendered":"<p>El ciclista espirituano Ricardo Delgado firm\u00f3 una meritoria actuaci\u00f3n al finalizar en la d\u00e9cima posici\u00f3n de la categor\u00eda \u00e9lite y sub-23 en el III Trofeo Ciclista Aser Est\u00e9vez \/ Copa Criterium, disputado en G\u00e1ndara, Pontevedra, Espa\u00f1a, certamen que cont\u00f3 con la asistencia de alrededor de 250 corredores. Delgado, quien milita en el Team Oiense \u2013 [&hellip;]<\/p>\n","protected":false},"author":11,"featured_media":68625,"comment_status":"open","ping_status":"open","sticky":false,"template":"","format":"standard","meta":{"_acf_changed":false,"footnotes":""},"categories":[7,8,1],"tags":[444,2329,2334,2333,2331,2330,2332],"coauthors":[1892],"class_list":["post-68624","post","type-post","status-publish","format-standard","has-post-thumbnail","hentry","category-deporte","category-noticia","category-sancti-spiritus","tag-ciclismo","tag-elite","tag-espana","tag-gandara","tag-juegos-centroamericanos-y-del-caribe-en-republica-dominicana","tag-sub-23","tag-team-oiense"],"acf":[],"_links":{"self":[{"href":"https:\/\/www.radiosanctispiritus.cu\/es\/wp-json\/wp\/v2\/posts\/68624","targetHints":{"allow":["GET"]}}],"collection":[{"href":"https:\/\/www.radiosanctispiritus.cu\/es\/wp-json\/wp\/v2\/posts"}],"about":[{"href":"https:\/\/www.radiosanctispiritus.cu\/es\/wp-json\/wp\/v2\/types\/post"}],"author":[{"embeddable":true,"href":"https:\/\/www.radiosanctispiritus.cu\/es\/wp-json\/wp\/v2\/users\/11"}],"replies":[{"embeddable":true,"href":"https:\/\/www.radiosanctispiritus.cu\/es\/wp-json\/wp\/v2\/comments?post=68624"}],"version-history":[{"count":1,"href":"https:\/\/www.radiosanctispiritus.cu\/es\/wp-json\/wp\/v2\/posts\/68624\/revisions"}],"predecessor-version":[{"id":68628,"href":"https:\/\/www.radiosanctispiritus.cu\/es\/wp-json\/wp\/v2\/posts\/68624\/revisions\/68628"}],"wp:featuredmedia":[{"embeddable":true,"href":"https:\/\/www.radiosanctispiritus.cu\/es\/wp-json\/wp\/v2\/media\/68625"}],"wp:attachment":[{"href":"https:\/\/www.radiosanctispiritus.cu\/es\/wp-json\/wp\/v2\/media?parent=68624"}],"wp:term":[{"taxonomy":"category","embeddable":true,"href":"https:\/\/www.radiosanctispiritus.cu\/es\/wp-json\/wp\/v2\/categories?post=68624"},{"taxonomy":"post_tag","embeddable":true,"href":"https:\/\/www.radiosanctispiritus.cu\/es\/wp-json\/wp\/v2\/tags?post=68624"},{"taxonomy":"author","embeddable":true,"href":"https:\/\/www.radiosanctispiritus.cu\/es\/wp-json\/wp\/v2\/coauthors?post=68624"}],"curies":[{"name":"wp","href":"https:\/\/api.w.org\/{rel}","templated":true}]}}