{"id":68622,"date":"2026-04-29T10:48:54","date_gmt":"2026-04-29T14:48:54","guid":{"rendered":"https:\/\/www.radiosanctispiritus.cu\/es\/?p=68622"},"modified":"2026-04-29T10:48:54","modified_gmt":"2026-04-29T14:48:54","slug":"absurdo-considerar-que-cuba-amenace-a-eeuu","status":"publish","type":"post","link":"https:\/\/www.radiosanctispiritus.cu\/es\/absurdo-considerar-que-cuba-amenace-a-eeuu\/","title":{"rendered":"Absurdo considerar que Cuba amenace a EEUU"},"content":{"rendered":"<p>El canciller Cuba, Bruno Rodr\u00edguez, reiter\u00f3 este mi\u00e9rcoles la vocaci\u00f3n pacifista de su pa\u00eds y es absurdo que la naci\u00f3n caribe\u00f1a signifique una amenaza para EEUU como dice el Departamento de Estado de la mayor potencia el mundo.<\/p>\n<p>En un mensaje en X, el titular de Relaciones Exteriores de la isla, destac\u00f3 el hecho de que Cuba es un pa\u00eds en desarrollo, relativamente peque\u00f1o, y adem\u00e1s, \u201csometido a una guerra econ\u00f3mica brutal\u201d.<\/p>\n<p>De tal manera, calific\u00f3 de absurdo que \u201cpueda significar una amenaza para la mayor potencia militar, tecnol\u00f3gica y econ\u00f3mica del mundo\u201d.<\/p>\n<p>Es absurdo tambi\u00e9n, argument\u00f3 Rodr\u00edguez en su desmentido, sabiendo que Cuba es un pa\u00eds pac\u00edfico que no agrede a otros, no permite que su territorio se use contra otros y tiene un historial limpio contra el terrorismo, el crimen internacional organizado y la violencia.<\/p>\n<p>Asimismo, el m\u00e1ximo representante de la diplomacia de la mayor de las Antillas, Bruno Rodr\u00edguez, expuso que estos elementos son conocidos por la administraci\u00f3n instalada en la Casa Blanca en Washington y sus agencias de seguridad y defensa.<\/p>\n<p>Finalmente, advirti\u00f3 de forma categ\u00f3rica, \u201cNo se consigue fabricar pretextos con argumentos tan d\u00e9biles y falaces\u201d, sentenci\u00f3.<\/p>\n","protected":false},"excerpt":{"rendered":"<p>El canciller Cuba, Bruno Rodr\u00edguez, reiter\u00f3 este mi\u00e9rcoles la vocaci\u00f3n pacifista de su pa\u00eds y es absurdo que la naci\u00f3n caribe\u00f1a signifique una amenaza para EEUU como dice el Departamento de Estado de la mayor potencia el mundo.<\/p>\n","protected":false},"author":22,"featured_media":10803,"comment_status":"open","ping_status":"open","sticky":false,"template":"","format":"standard","meta":{"_acf_changed":false,"footnotes":""},"categories":[8,3,4],"tags":[100,98,575,285],"coauthors":[1882],"class_list":["post-68622","post","type-post","status-publish","format-standard","has-post-thumbnail","hentry","category-noticia","category-cuba","category-internacionales","tag-bruno-rodriguez","tag-cuba-ee-uu","tag-cuba-minrex","tag-relaciones-cuba-ee-uu"],"acf":[],"_links":{"self":[{"href":"https:\/\/www.radiosanctispiritus.cu\/es\/wp-json\/wp\/v2\/posts\/68622","targetHints":{"allow":["GET"]}}],"collection":[{"href":"https:\/\/www.radiosanctispiritus.cu\/es\/wp-json\/wp\/v2\/posts"}],"about":[{"href":"https:\/\/www.radiosanctispiritus.cu\/es\/wp-json\/wp\/v2\/types\/post"}],"author":[{"embeddable":true,"href":"https:\/\/www.radiosanctispiritus.cu\/es\/wp-json\/wp\/v2\/users\/22"}],"replies":[{"embeddable":true,"href":"https:\/\/www.radiosanctispiritus.cu\/es\/wp-json\/wp\/v2\/comments?post=68622"}],"version-history":[{"count":1,"href":"https:\/\/www.radiosanctispiritus.cu\/es\/wp-json\/wp\/v2\/posts\/68622\/revisions"}],"predecessor-version":[{"id":68623,"href":"https:\/\/www.radiosanctispiritus.cu\/es\/wp-json\/wp\/v2\/posts\/68622\/revisions\/68623"}],"wp:featuredmedia":[{"embeddable":true,"href":"https:\/\/www.radiosanctispiritus.cu\/es\/wp-json\/wp\/v2\/media\/10803"}],"wp:attachment":[{"href":"https:\/\/www.radiosanctispiritus.cu\/es\/wp-json\/wp\/v2\/media?parent=68622"}],"wp:term":[{"taxonomy":"category","embeddable":true,"href":"https:\/\/www.radiosanctispiritus.cu\/es\/wp-json\/wp\/v2\/categories?post=68622"},{"taxonomy":"post_tag","embeddable":true,"href":"https:\/\/www.radiosanctispiritus.cu\/es\/wp-json\/wp\/v2\/tags?post=68622"},{"taxonomy":"author","embeddable":true,"href":"https:\/\/www.radiosanctispiritus.cu\/es\/wp-json\/wp\/v2\/coauthors?post=68622"}],"curies":[{"name":"wp","href":"https:\/\/api.w.org\/{rel}","templated":true}]}}