{"id":68611,"date":"2026-04-29T04:26:59","date_gmt":"2026-04-29T08:26:59","guid":{"rendered":"https:\/\/www.radiosanctispiritus.cu\/es\/?p=68611"},"modified":"2026-04-28T23:35:57","modified_gmt":"2026-04-29T03:35:57","slug":"campana-del-impuesto-sobre-ingresos-personales-vence-este-jueves","status":"publish","type":"post","link":"https:\/\/www.radiosanctispiritus.cu\/es\/campana-del-impuesto-sobre-ingresos-personales-vence-este-jueves\/","title":{"rendered":"Campa\u00f1a del Impuesto sobre Ingresos Personales vence este jueves"},"content":{"rendered":"<p>La Oficina Nacional de Administraci\u00f3n Tributaria (Onat) record\u00f3 a los contribuyentes a trav\u00e9s de redes sociales que este jueves 30 de abril vence el plazo para la presentaci\u00f3n de la declaraci\u00f3n jurada correspondiente a la Campa\u00f1a del Impuesto sobre Ingresos Personales correspondiente al per\u00edodo fiscal 2025.<\/p>\n<p>La fuente sugiri\u00f3 acudir a la oficina de la Onat m\u00e1s cercana a su domicilio fiscal para llevar adelante este tr\u00e1mite obligatorio.<\/p>\n","protected":false},"excerpt":{"rendered":"<p>La Oficina Nacional de Administraci\u00f3n Tributaria sugiri\u00f3 acudir a sus oficinas de la Onat m\u00e1s cercana a su domicilio fiscal para llevar adelante este tr\u00e1mite obligatorio.<\/p>\n","protected":false},"author":26,"featured_media":68612,"comment_status":"open","ping_status":"open","sticky":false,"template":"","format":"standard","meta":{"_acf_changed":false,"footnotes":""},"categories":[8,3,16],"tags":[418,331],"coauthors":[1887],"class_list":["post-68611","post","type-post","status-publish","format-standard","has-post-thumbnail","hentry","category-noticia","category-cuba","category-economia","tag-impuestos","tag-onat"],"acf":[],"_links":{"self":[{"href":"https:\/\/www.radiosanctispiritus.cu\/es\/wp-json\/wp\/v2\/posts\/68611","targetHints":{"allow":["GET"]}}],"collection":[{"href":"https:\/\/www.radiosanctispiritus.cu\/es\/wp-json\/wp\/v2\/posts"}],"about":[{"href":"https:\/\/www.radiosanctispiritus.cu\/es\/wp-json\/wp\/v2\/types\/post"}],"author":[{"embeddable":true,"href":"https:\/\/www.radiosanctispiritus.cu\/es\/wp-json\/wp\/v2\/users\/26"}],"replies":[{"embeddable":true,"href":"https:\/\/www.radiosanctispiritus.cu\/es\/wp-json\/wp\/v2\/comments?post=68611"}],"version-history":[{"count":1,"href":"https:\/\/www.radiosanctispiritus.cu\/es\/wp-json\/wp\/v2\/posts\/68611\/revisions"}],"predecessor-version":[{"id":68613,"href":"https:\/\/www.radiosanctispiritus.cu\/es\/wp-json\/wp\/v2\/posts\/68611\/revisions\/68613"}],"wp:featuredmedia":[{"embeddable":true,"href":"https:\/\/www.radiosanctispiritus.cu\/es\/wp-json\/wp\/v2\/media\/68612"}],"wp:attachment":[{"href":"https:\/\/www.radiosanctispiritus.cu\/es\/wp-json\/wp\/v2\/media?parent=68611"}],"wp:term":[{"taxonomy":"category","embeddable":true,"href":"https:\/\/www.radiosanctispiritus.cu\/es\/wp-json\/wp\/v2\/categories?post=68611"},{"taxonomy":"post_tag","embeddable":true,"href":"https:\/\/www.radiosanctispiritus.cu\/es\/wp-json\/wp\/v2\/tags?post=68611"},{"taxonomy":"author","embeddable":true,"href":"https:\/\/www.radiosanctispiritus.cu\/es\/wp-json\/wp\/v2\/coauthors?post=68611"}],"curies":[{"name":"wp","href":"https:\/\/api.w.org\/{rel}","templated":true}]}}