{"id":68597,"date":"2026-04-29T05:16:20","date_gmt":"2026-04-29T09:16:20","guid":{"rendered":"https:\/\/www.radiosanctispiritus.cu\/es\/?p=68597"},"modified":"2026-04-28T22:58:49","modified_gmt":"2026-04-29T02:58:49","slug":"el-libro-aun-sostiene-la-valia-de-la-palabra-entintada","status":"publish","type":"post","link":"https:\/\/www.radiosanctispiritus.cu\/es\/el-libro-aun-sostiene-la-valia-de-la-palabra-entintada\/","title":{"rendered":"El libro a\u00fan sostiene la val\u00eda de la palabra entintada"},"content":{"rendered":"<p>Ni el modernismo ha podido restarle movilidad, a pesar de los a\u00f1os, de esa textura de car\u00e1tula fuerte, que resguarda tanto conocimiento, sabidur\u00eda, entretenimiento.<\/p>\n<p>La era digital lleg\u00f3 para imponerse, dicen algunos, m\u00e1s con el libro, ese, que arropa en sus hojas de papel tanta huella, la historia sigue siendo distinta.<\/p>\n<div id=\"attachment_68599\" style=\"width: 610px\" class=\"wp-caption aligncenter\"><img decoding=\"async\" aria-describedby=\"caption-attachment-68599\" class=\"size-medium wp-image-68599\" src=\"https:\/\/www.radiosanctispiritus.cu\/es\/wp-content\/uploads\/a2-9-600x451.jpg\" alt=\"\" width=\"600\" height=\"451\" srcset=\"https:\/\/www.radiosanctispiritus.cu\/es\/wp-content\/uploads\/a2-9-600x451.jpg 600w, https:\/\/www.radiosanctispiritus.cu\/es\/wp-content\/uploads\/a2-9-1024x769.jpg 1024w, https:\/\/www.radiosanctispiritus.cu\/es\/wp-content\/uploads\/a2-9-768x577.jpg 768w, https:\/\/www.radiosanctispiritus.cu\/es\/wp-content\/uploads\/a2-9-1536x1154.jpg 1536w, https:\/\/www.radiosanctispiritus.cu\/es\/wp-content\/uploads\/a2-9-2048x1538.jpg 2048w\" sizes=\"(max-width: 600px) 100vw, 600px\" \/><p id=\"caption-attachment-68599\" class=\"wp-caption-text\">Quien acude a la sede de la Uneac lleva en sus manos los libros para ofrecer y de paso, lleva consigo otros que no pose\u00eda.<\/p><\/div>\n<p>Porque hoy, cuando los ni\u00f1os, los adolescentes, los j\u00f3venes y los adultos siguen acudiendo a los libros tradicionales, la magia de la lectura sigue mostrando su mejor traje.<\/p>\n<p>Y si limitadas son las impresiones de textos, las alternativas movilizan y hacen que los textos de uno y otro lugar, lleguen hasta la sede de la Uni\u00f3n de Escritores y Artistas de Cuba (Uneac) en Sancti Sp\u00edritus para animar un festival donde, el intercambio de libros, hace la noticia, porque en ello va tambi\u00e9n el compartir la sabidur\u00eda que reposa en las p\u00e1ginas de cada ejemplar.<\/p>\n<div id=\"attachment_68600\" style=\"width: 610px\" class=\"wp-caption aligncenter\"><img decoding=\"async\" aria-describedby=\"caption-attachment-68600\" class=\"size-medium wp-image-68600\" src=\"https:\/\/www.radiosanctispiritus.cu\/es\/wp-content\/uploads\/a3-9-600x400.jpg\" alt=\"\" width=\"600\" height=\"400\" srcset=\"https:\/\/www.radiosanctispiritus.cu\/es\/wp-content\/uploads\/a3-9-600x400.jpg 600w, https:\/\/www.radiosanctispiritus.cu\/es\/wp-content\/uploads\/a3-9-1024x683.jpg 1024w, https:\/\/www.radiosanctispiritus.cu\/es\/wp-content\/uploads\/a3-9-768x512.jpg 768w, https:\/\/www.radiosanctispiritus.cu\/es\/wp-content\/uploads\/a3-9-1536x1024.jpg 1536w, https:\/\/www.radiosanctispiritus.cu\/es\/wp-content\/uploads\/a3-9-2048x1365.jpg 2048w\" sizes=\"(max-width: 600px) 100vw, 600px\" \/><p id=\"caption-attachment-68600\" class=\"wp-caption-text\">La escena se repite cada mes y gana p\u00fablico.<\/p><\/div>\n<div id=\"attachment_68601\" style=\"width: 610px\" class=\"wp-caption aligncenter\"><img decoding=\"async\" aria-describedby=\"caption-attachment-68601\" class=\"size-medium wp-image-68601\" src=\"https:\/\/www.radiosanctispiritus.cu\/es\/wp-content\/uploads\/a4-9-600x393.jpg\" alt=\"\" width=\"600\" height=\"393\" srcset=\"https:\/\/www.radiosanctispiritus.cu\/es\/wp-content\/uploads\/a4-9-600x393.jpg 600w, https:\/\/www.radiosanctispiritus.cu\/es\/wp-content\/uploads\/a4-9-1024x670.jpg 1024w, https:\/\/www.radiosanctispiritus.cu\/es\/wp-content\/uploads\/a4-9-768x503.jpg 768w, https:\/\/www.radiosanctispiritus.cu\/es\/wp-content\/uploads\/a4-9-1536x1006.jpg 1536w, https:\/\/www.radiosanctispiritus.cu\/es\/wp-content\/uploads\/a4-9-2048x1341.jpg 2048w\" sizes=\"(max-width: 600px) 100vw, 600px\" \/><p id=\"caption-attachment-68601\" class=\"wp-caption-text\">El intercambio de libros, una manera de sumar cultura.<\/p><\/div>\n<div id=\"attachment_68602\" style=\"width: 610px\" class=\"wp-caption aligncenter\"><img decoding=\"async\" aria-describedby=\"caption-attachment-68602\" class=\"size-medium wp-image-68602\" src=\"https:\/\/www.radiosanctispiritus.cu\/es\/wp-content\/uploads\/a5-10-600x451.jpg\" alt=\"\" width=\"600\" height=\"451\" srcset=\"https:\/\/www.radiosanctispiritus.cu\/es\/wp-content\/uploads\/a5-10-600x451.jpg 600w, https:\/\/www.radiosanctispiritus.cu\/es\/wp-content\/uploads\/a5-10-1024x770.jpg 1024w, https:\/\/www.radiosanctispiritus.cu\/es\/wp-content\/uploads\/a5-10-768x578.jpg 768w, https:\/\/www.radiosanctispiritus.cu\/es\/wp-content\/uploads\/a5-10-1536x1156.jpg 1536w, https:\/\/www.radiosanctispiritus.cu\/es\/wp-content\/uploads\/a5-10-2048x1541.jpg 2048w\" sizes=\"(max-width: 600px) 100vw, 600px\" \/><p id=\"caption-attachment-68602\" class=\"wp-caption-text\">En la feria hay espacio para todas las generaciones.<\/p><\/div>\n<div id=\"attachment_68603\" style=\"width: 610px\" class=\"wp-caption aligncenter\"><img decoding=\"async\" aria-describedby=\"caption-attachment-68603\" class=\"size-medium wp-image-68603\" src=\"https:\/\/www.radiosanctispiritus.cu\/es\/wp-content\/uploads\/a6-5-600x428.jpg\" alt=\"\" width=\"600\" height=\"428\" srcset=\"https:\/\/www.radiosanctispiritus.cu\/es\/wp-content\/uploads\/a6-5-600x428.jpg 600w, https:\/\/www.radiosanctispiritus.cu\/es\/wp-content\/uploads\/a6-5-1024x730.jpg 1024w, https:\/\/www.radiosanctispiritus.cu\/es\/wp-content\/uploads\/a6-5-768x548.jpg 768w, https:\/\/www.radiosanctispiritus.cu\/es\/wp-content\/uploads\/a6-5-1536x1095.jpg 1536w, https:\/\/www.radiosanctispiritus.cu\/es\/wp-content\/uploads\/a6-5-2048x1460.jpg 2048w\" sizes=\"(max-width: 600px) 100vw, 600px\" \/><p id=\"caption-attachment-68603\" class=\"wp-caption-text\">Siempre el p\u00fablico abraza novedades.<\/p><\/div>\n<div id=\"attachment_68604\" style=\"width: 610px\" class=\"wp-caption aligncenter\"><img decoding=\"async\" aria-describedby=\"caption-attachment-68604\" class=\"size-medium wp-image-68604\" src=\"https:\/\/www.radiosanctispiritus.cu\/es\/wp-content\/uploads\/a7-3-600x451.jpg\" alt=\"\" width=\"600\" height=\"451\" srcset=\"https:\/\/www.radiosanctispiritus.cu\/es\/wp-content\/uploads\/a7-3-600x451.jpg 600w, https:\/\/www.radiosanctispiritus.cu\/es\/wp-content\/uploads\/a7-3-1024x770.jpg 1024w, https:\/\/www.radiosanctispiritus.cu\/es\/wp-content\/uploads\/a7-3-768x578.jpg 768w, https:\/\/www.radiosanctispiritus.cu\/es\/wp-content\/uploads\/a7-3-1536x1156.jpg 1536w, https:\/\/www.radiosanctispiritus.cu\/es\/wp-content\/uploads\/a7-3-2048x1541.jpg 2048w\" sizes=\"(max-width: 600px) 100vw, 600px\" \/><p id=\"caption-attachment-68604\" class=\"wp-caption-text\">El libro a\u00fan sostiene la val\u00eda de la palabra entintada.<\/p><\/div>\n","protected":false},"excerpt":{"rendered":"<p>En tiempos de limitadas impresiones, las alternativas movilizan y hacen que los textos lleguen hasta la sede de la Uni\u00f3n de Escritores y Artistas de Cuba en Sancti Sp\u00edritus para animar un festival donde el intercambio de libros hace la noticia.<\/p>\n","protected":false},"author":15,"featured_media":68598,"comment_status":"open","ping_status":"open","sticky":false,"template":"","format":"standard","meta":{"_acf_changed":false,"footnotes":""},"categories":[11,6,8,1],"tags":[1833,878,446,425],"coauthors":[1884],"class_list":["post-68597","post","type-post","status-publish","format-standard","has-post-thumbnail","hentry","category-fotorreportaje","category-cultura","category-noticia","category-sancti-spiritus","tag-libro","tag-libros","tag-literatura","tag-uneac"],"acf":[],"_links":{"self":[{"href":"https:\/\/www.radiosanctispiritus.cu\/es\/wp-json\/wp\/v2\/posts\/68597","targetHints":{"allow":["GET"]}}],"collection":[{"href":"https:\/\/www.radiosanctispiritus.cu\/es\/wp-json\/wp\/v2\/posts"}],"about":[{"href":"https:\/\/www.radiosanctispiritus.cu\/es\/wp-json\/wp\/v2\/types\/post"}],"author":[{"embeddable":true,"href":"https:\/\/www.radiosanctispiritus.cu\/es\/wp-json\/wp\/v2\/users\/15"}],"replies":[{"embeddable":true,"href":"https:\/\/www.radiosanctispiritus.cu\/es\/wp-json\/wp\/v2\/comments?post=68597"}],"version-history":[{"count":2,"href":"https:\/\/www.radiosanctispiritus.cu\/es\/wp-json\/wp\/v2\/posts\/68597\/revisions"}],"predecessor-version":[{"id":68606,"href":"https:\/\/www.radiosanctispiritus.cu\/es\/wp-json\/wp\/v2\/posts\/68597\/revisions\/68606"}],"wp:featuredmedia":[{"embeddable":true,"href":"https:\/\/www.radiosanctispiritus.cu\/es\/wp-json\/wp\/v2\/media\/68598"}],"wp:attachment":[{"href":"https:\/\/www.radiosanctispiritus.cu\/es\/wp-json\/wp\/v2\/media?parent=68597"}],"wp:term":[{"taxonomy":"category","embeddable":true,"href":"https:\/\/www.radiosanctispiritus.cu\/es\/wp-json\/wp\/v2\/categories?post=68597"},{"taxonomy":"post_tag","embeddable":true,"href":"https:\/\/www.radiosanctispiritus.cu\/es\/wp-json\/wp\/v2\/tags?post=68597"},{"taxonomy":"author","embeddable":true,"href":"https:\/\/www.radiosanctispiritus.cu\/es\/wp-json\/wp\/v2\/coauthors?post=68597"}],"curies":[{"name":"wp","href":"https:\/\/api.w.org\/{rel}","templated":true}]}}